{"id":10022,"date":"2022-08-04T18:45:23","date_gmt":"2022-08-04T23:45:23","guid":{"rendered":"https:\/\/chaneltodaycancun.com\/?p=10022"},"modified":"2022-08-04T23:45:25","modified_gmt":"2022-08-04T23:45:25","slug":"presidente-propone-tregua-internacional-de-cese-de-confrontaciones-guerras-afectan-a-los-pueblos-del-mundo-afirma","status":"publish","type":"post","link":"https:\/\/chaneltodaycancun.com\/index.php\/2022\/08\/04\/presidente-propone-tregua-internacional-de-cese-de-confrontaciones-guerras-afectan-a-los-pueblos-del-mundo-afirma\/","title":{"rendered":"Presidente propone tregua internacional de cese de confrontaciones; guerras afectan a los pueblos del mundo, afirma"},"content":{"rendered":"<p>El presidente Andr\u00e9s Manuel L\u00f3pez Obrador propuso una\u00a0<strong>tregua internacional que ponga fin a los conflictos b\u00e9licos entre naciones<\/strong>\u00a0a fin de garantizar el bienestar social y econ\u00f3mico de todos los pueblos del mundo.<span id=\"more-158591\"><\/span><\/p>\n<p>\u201cLa postura de nuestro pa\u00eds es que no haya guerras, que se eviten las confrontaciones b\u00e9licas, que se busque mediante el di\u00e1logo, acuerdos. Est\u00e1 el mundo como para acordar entre todos los pueblos, las naciones, una tregua de cuando menos cinco a\u00f1os para poder enfrentar la crisis que afecta a los pueblos, una tregua que cese la guerra, la confrontaci\u00f3n, las provocaciones\u201d, subray\u00f3.<\/p>\n<p>Al encabezar la conferencia de prensa matutina, el mandatario explic\u00f3 que esta iniciativa por la paz podr\u00eda ejecutarse desde la\u00a0<strong>Organizaci\u00f3n de las Naciones Unidas<\/strong>\u00a0(ONU).<\/p>\n<p>\u201cEn cinco a\u00f1os, esto lo podr\u00eda hacer la ONU, se haga una revisi\u00f3n, pero que todos hagamos el compromiso de no apostar a la confrontaci\u00f3n, a las guerras. Desde luego, a la guerra b\u00e9lica, pero tambi\u00e9n no apostar a la guerra comercial porque esto nos afecta a todos\u201d, apunt\u00f3.<\/p>\n<p>En el Sal\u00f3n de la Tesorer\u00eda de Palacio Nacional sostuvo que los pa\u00edses a\u00fan padecen l<strong>os efectos de la pandemia de COVID-19 y de la guerra entre Rusia y Ucrania, que han agudizado la inflaci\u00f3n, provocan menor crecimiento econ\u00f3mico y m\u00e1s pobreza.<\/strong><\/p>\n<p>Para revertir estas condiciones adversas, dijo, se necesita impulsar las actividades productivas, crear empleos, atender a los pobres y buscar la cooperaci\u00f3n de las naciones.<\/p>\n<p>\u201cNo a las provocaciones, no a la guerra, no queremos hegemon\u00edas en el mundo. No es mucho pedirle a Estados Unidos, a Rusia, a China, que acepten esta propuesta y se podr\u00eda plantear en la ONU. Ning\u00fan gobierno del mundo puede y debe actuar de manera irresponsable; aqu\u00ed no se trata de manique\u00edsmos, de buenos y malos. Se trata de tomar en cuenta la necesidad de los pueblos\u201d, se\u00f1al\u00f3.<\/p>\n<p><strong>Sobre las actuales tensiones entre Estados Unidos y China, el jefe del Ejecutivo argument\u00f3 que la paz es el camino para atender los problemas en un mundo globalizado.<\/strong><\/p>\n<p>\u201cA todos nos perjudica, no es cierto que somos independientes y que no se requiere del comercio internacional. (\u2026) Lo estamos viendo en Europa con el conflicto de Rusia y Ucrania, lo que est\u00e1n sufriendo por los precios de los energ\u00e9ticos, lo que est\u00e1 pasando con el incremento del transporte mar\u00edtimo, lo que est\u00e1 sucediendo con la falta de chips, de fertilizantes, de alimentos. \u00bfY qui\u00e9n resulta afectado? El pueblo de todos los pa\u00edses\u201d, enfatiz\u00f3.<\/p>\n","protected":false},"excerpt":{"rendered":"<p>El presidente Andr\u00e9s Manuel L\u00f3pez Obrador propuso una\u00a0tregua internacional que ponga fin a los conflictos&#8230;<\/p>\n","protected":false},"author":1,"featured_media":10024,"comment_status":"open","ping_status":"closed","sticky":false,"template":"","format":"standard","meta":{"footnotes":""},"categories":[36,37,40],"tags":[],"class_list":["post-10022","post","type-post","status-publish","format-standard","has-post-thumbnail","hentry","category-internacional","category-nacional","category-politica"],"_links":{"self":[{"href":"https:\/\/chaneltodaycancun.com\/index.php\/wp-json\/wp\/v2\/posts\/10022","targetHints":{"allow":["GET"]}}],"collection":[{"href":"https:\/\/chaneltodaycancun.com\/index.php\/wp-json\/wp\/v2\/posts"}],"about":[{"href":"https:\/\/chaneltodaycancun.com\/index.php\/wp-json\/wp\/v2\/types\/post"}],"author":[{"embeddable":true,"href":"https:\/\/chaneltodaycancun.com\/index.php\/wp-json\/wp\/v2\/users\/1"}],"replies":[{"embeddable":true,"href":"https:\/\/chaneltodaycancun.com\/index.php\/wp-json\/wp\/v2\/comments?post=10022"}],"version-history":[{"count":1,"href":"https:\/\/chaneltodaycancun.com\/index.php\/wp-json\/wp\/v2\/posts\/10022\/revisions"}],"predecessor-version":[{"id":10023,"href":"https:\/\/chaneltodaycancun.com\/index.php\/wp-json\/wp\/v2\/posts\/10022\/revisions\/10023"}],"wp:featuredmedia":[{"embeddable":true,"href":"https:\/\/chaneltodaycancun.com\/index.php\/wp-json\/wp\/v2\/media\/10024"}],"wp:attachment":[{"href":"https:\/\/chaneltodaycancun.com\/index.php\/wp-json\/wp\/v2\/media?parent=10022"}],"wp:term":[{"taxonomy":"category","embeddable":true,"href":"https:\/\/chaneltodaycancun.com\/index.php\/wp-json\/wp\/v2\/categories?post=10022"},{"taxonomy":"post_tag","embeddable":true,"href":"https:\/\/chaneltodaycancun.com\/index.php\/wp-json\/wp\/v2\/tags?post=10022"}],"curies":[{"name":"wp","href":"https:\/\/api.w.org\/{rel}","templated":true}]}}