{"id":10256,"date":"2022-08-17T19:31:14","date_gmt":"2022-08-18T00:31:14","guid":{"rendered":"https:\/\/chaneltodaycancun.com\/?p=10256"},"modified":"2022-08-18T00:31:15","modified_gmt":"2022-08-18T00:31:15","slug":"familiares-de-mineros-atrapados-bajo-tierra-y-agua-en-mexico-siguen-en-la-incertidumbre-a-dos-semanas-de-la-tragedia","status":"publish","type":"post","link":"https:\/\/chaneltodaycancun.com\/index.php\/2022\/08\/17\/familiares-de-mineros-atrapados-bajo-tierra-y-agua-en-mexico-siguen-en-la-incertidumbre-a-dos-semanas-de-la-tragedia\/","title":{"rendered":"Familiares de mineros atrapados bajo tierra y agua en M\u00e9xico siguen en la incertidumbre a dos semanas de la tragedia"},"content":{"rendered":"<h4 class=\"article-subtitle\" style=\"text-align: center;\">Las autoridades mexicanas solicitaron ayuda t\u00e9cnica a Estados Unidos y Alemania para avanzar en su misi\u00f3n de rescate.<\/h4>\n<div class=\"article-meta\" data-component=\"articleMeta\" aria-hidden=\"true\">\n<p>Dos semanas despu\u00e9s de que 10 mineros quedaran atrapados bajo tierra y agua en una mina de Sabinas, del norte\u00f1o estado de Coahuila, familiares de los trabajadores siguen en la incertidumbre, mientras las autoridades mexicanas solicitan ayuda t\u00e9cnica a Estados Unidos y Alemania para avanzar en su misi\u00f3n de rescate.<\/p>\n<p>Las causas del colapso, que sorprendi\u00f3 a todo el pueblo de Agujita el pasado 3 de agosto, a\u00fan no son claras pero los familiares descartan iniciar acciones contra posibles responsables por alguna negligencia, aunque no reciban alg\u00fan remedio econ\u00f3mico, ante la carencia de prestaciones laborales, consider\u00f3 Manuel Fuentes, especialista en derecho laboral.<\/p>\n<p>\u201cEl tema particular de los mineros, en general, es una situaci\u00f3n lamentable porque lo que priva es el trabajo informal, pero sobre todo en la zona norte de Sabinas, donde se concentra la explotaci\u00f3n de carb\u00f3n\u201d, coment\u00f3 a Efe<\/p>\n<h2 class=\"wp-block-nbc-section-heading\">EL DERRUMBE OCURRI\u00d3 EL 3 DE AGOSTO EN UNA MINA EN SABINAS, COAHUILA<\/h2>\n<p>Dijo que la mayor desventaja se observa en los mineros que laboran \u201cen los llamados pocitos, en donde trabajan, la mayor parte de ellos, sin un contrato por escrito y sin que haya seguridad social\u201d.<\/p>\n<p>Fuentes se\u00f1al\u00f3 que la mayor\u00eda de los mineros en M\u00e9xico no est\u00e1n inscritos en el Instituto Mexicano del Seguro Social (IMSS), por lo que carecen de documentos que acrediten su legal derecho a una pensi\u00f3n para sus familias por deceso en el trabajo, adem\u00e1s no contratan ning\u00fan seguro de vida o de gastos mayores por cuenta propia.<\/p>\n<p>\u201cRealmente la situaci\u00f3n para las familias es una total desventaja porque la Ley del Seguro Social establece que a las viudas les toca el 40% del 70% de su salario y esto representa como un 28% del salario del trabajador\u201d, explic\u00f3.<\/p>\n<p>Dos semanas despu\u00e9s de que 10 mineros quedaran atrapados bajo tierra y agua en una mina de Sabinas, del norte\u00f1o estado de Coahuila, familiares de los trabajadores siguen en la incertidumbre, mientras las autoridades mexicanas solicitan ayuda t\u00e9cnica a Estados Unidos y Alemania para avanzar en su misi\u00f3n de rescate.<\/p>\n<p>Las causas del colapso, que sorprendi\u00f3 a todo el pueblo de Agujita el pasado 3 de agosto, a\u00fan no son claras pero los familiares descartan iniciar acciones contra posibles responsables por alguna negligencia, aunque no reciban alg\u00fan remedio econ\u00f3mico, ante la carencia de prestaciones laborales, consider\u00f3 Manuel Fuentes, especialista en derecho laboral.<\/p>\n<p>\u201cEl tema particular de los mineros, en general, es una situaci\u00f3n lamentable porque lo que priva es el trabajo informal, pero sobre todo en la zona norte de Sabinas, donde se concentra la explotaci\u00f3n de carb\u00f3n\u201d, coment\u00f3 a Efe<\/p>\n<h2 class=\"wp-block-nbc-section-heading\">EL DERRUMBE OCURRI\u00d3 EL 3 DE AGOSTO EN UNA MINA EN SABINAS, COAHUILA<\/h2>\n<p>Dijo que la mayor desventaja se observa en los mineros que laboran \u201cen los llamados pocitos, en donde trabajan, la mayor parte de ellos, sin un contrato por escrito y sin que haya seguridad social\u201d.<\/p>\n<p>Fuentes se\u00f1al\u00f3 que la mayor\u00eda de los mineros en M\u00e9xico no est\u00e1n inscritos en el Instituto Mexicano del Seguro Social (IMSS), por lo que carecen de documentos que acrediten su legal derecho a una pensi\u00f3n para sus familias por deceso en el trabajo, adem\u00e1s no contratan ning\u00fan seguro de vida o de gastos mayores por cuenta propia.<\/p>\n<p>\u201cRealmente la situaci\u00f3n para las familias es una total desventaja porque la Ley del Seguro Social establece que a las viudas les toca el 40% del 70% de su salario y esto representa como un 28% del salario del trabajador\u201d, explic\u00f3.<\/p>\n<p>Adem\u00e1s los centros de conciliaci\u00f3n m\u00e1s cercanos a los familiares para presentar un juicio se encuentran a por lo menos cinco horas de distancia del derrumbe y para lo cual gastar\u00edan hasta $25 por viaje.<\/p>\n<p>\u201cLa posici\u00f3n que debe guardar el Estado mexicano es de clausurar estos centros de trabajo, porque finalmente es evidente que ante una cuesti\u00f3n de naturaleza (como un derrumbe), es manifiesta la gran desventaja que tiene el trabajador al estar laborando en esos sitios\u201d, agreg\u00f3.<\/p>\n<p>Fuentes record\u00f3 que el 18 de febrero pasado, acudi\u00f3 ante la Organizaci\u00f3n Internacional del Trabajo (OIT) para presentar una queja, de la mano de Cristina Auerbach, directora de la organizaci\u00f3n Familia Pasta de Conchos, que representa a v\u00edctimas del accidente que dej\u00f3 m\u00e1s de 60 fallecidos en esa mina en 2006.<\/p>\n<p>En el oficio se denunci\u00f3 la falta de inspecciones laborales en las minas mexicanas y la omisi\u00f3n de las autoridades mexicanas para asignar contratos de carb\u00f3n por parte de la estatal Comisi\u00f3n Federal de Electricidad (CFE) a\u00fan con denuncias laborales de por medio.<\/p>\n<p>Fuentes coment\u00f3 que se tom\u00f3 como base el derrumbe de la mina del municipio de M\u00fazquiz, en Rancher\u00edas, del norte\u00f1o estado de Coahuila, de junio de 2021, y por el cual fallecieron cuatro mineros mexicanos.<\/p>\n<p>\u201cSe se\u00f1al\u00f3 que hab\u00eda una pared de una mina que fue abandonada hace m\u00e1s de 50 a\u00f1os, y a consecuencia de eso, la mina estaba inundada, se desbord\u00f3 y termin\u00f3 colapsando, que es la misma historia de lo que ocurri\u00f3 aqu\u00ed (en Sabinas hace dos semanas)\u201d, relat\u00f3.<\/p>\n<p>Auerbach acus\u00f3 que \u201cla CFE entrega los contratos sin pedir la revisi\u00f3n por parte de la Secretar\u00eda del Trabajo. Hemos insistido una y otra vez que no es la manera de hacerlo\u201d.<\/p>\n<p>La activista dijo que la queja fue admitida hace poco m\u00e1s de un mes y el gobierno de M\u00e9xico tiene hasta el pr\u00f3ximo 18 de agosto para responder y que la OIT tome en consideraci\u00f3n a todas las partes interesadas y emita su recomendaci\u00f3n.<\/p>\n<\/div>\n","protected":false},"excerpt":{"rendered":"<p>Las autoridades mexicanas solicitaron ayuda t\u00e9cnica a Estados Unidos y Alemania para avanzar en su&#8230;<\/p>\n","protected":false},"author":1,"featured_media":10258,"comment_status":"open","ping_status":"closed","sticky":false,"template":"","format":"standard","meta":{"footnotes":""},"categories":[37,39],"tags":[],"class_list":["post-10256","post","type-post","status-publish","format-standard","has-post-thumbnail","hentry","category-nacional","category-policia"],"_links":{"self":[{"href":"https:\/\/chaneltodaycancun.com\/index.php\/wp-json\/wp\/v2\/posts\/10256","targetHints":{"allow":["GET"]}}],"collection":[{"href":"https:\/\/chaneltodaycancun.com\/index.php\/wp-json\/wp\/v2\/posts"}],"about":[{"href":"https:\/\/chaneltodaycancun.com\/index.php\/wp-json\/wp\/v2\/types\/post"}],"author":[{"embeddable":true,"href":"https:\/\/chaneltodaycancun.com\/index.php\/wp-json\/wp\/v2\/users\/1"}],"replies":[{"embeddable":true,"href":"https:\/\/chaneltodaycancun.com\/index.php\/wp-json\/wp\/v2\/comments?post=10256"}],"version-history":[{"count":1,"href":"https:\/\/chaneltodaycancun.com\/index.php\/wp-json\/wp\/v2\/posts\/10256\/revisions"}],"predecessor-version":[{"id":10257,"href":"https:\/\/chaneltodaycancun.com\/index.php\/wp-json\/wp\/v2\/posts\/10256\/revisions\/10257"}],"wp:featuredmedia":[{"embeddable":true,"href":"https:\/\/chaneltodaycancun.com\/index.php\/wp-json\/wp\/v2\/media\/10258"}],"wp:attachment":[{"href":"https:\/\/chaneltodaycancun.com\/index.php\/wp-json\/wp\/v2\/media?parent=10256"}],"wp:term":[{"taxonomy":"category","embeddable":true,"href":"https:\/\/chaneltodaycancun.com\/index.php\/wp-json\/wp\/v2\/categories?post=10256"},{"taxonomy":"post_tag","embeddable":true,"href":"https:\/\/chaneltodaycancun.com\/index.php\/wp-json\/wp\/v2\/tags?post=10256"}],"curies":[{"name":"wp","href":"https:\/\/api.w.org\/{rel}","templated":true}]}}