{"id":10361,"date":"2022-08-23T18:50:59","date_gmt":"2022-08-23T23:50:59","guid":{"rendered":"https:\/\/chaneltodaycancun.com\/?p=10361"},"modified":"2022-08-23T23:51:01","modified_gmt":"2022-08-23T23:51:01","slug":"habitantes-de-ciudades-de-mexico-sufren-problemas-de-acceso-a-la-vivienda","status":"publish","type":"post","link":"https:\/\/chaneltodaycancun.com\/index.php\/2022\/08\/23\/habitantes-de-ciudades-de-mexico-sufren-problemas-de-acceso-a-la-vivienda\/","title":{"rendered":"Habitantes de ciudades de M\u00e9xico sufren problemas de acceso a la vivienda"},"content":{"rendered":"<p>Uno de los principales problemas de las ciudades es el acceso a vivienda digna, por lo que urgen programas de desarrollo urbanos que les permitan a los ciudadanos contar con este bien; en esto coincidieron las y los funcionarios de alcald\u00edas de M\u00e9xico en una mesa de di\u00e1logo de la Cumbre Internacional del H\u00e1bitat de Am\u00e9rica Latina y El Caribe (CIHALC) 2022, que tiene como sede el Circuito Cultural Universitario (CCU) de la Universidad de Guadalajara.<\/p>\n<p>En la mesa \u201cNueva agenda urbana y gobernanza local, M\u00e9xico\u201d, el Subsecretario de Desarrollo Urbano de Quer\u00e9taro, dijo que en esa entidad tienen una amplia concentraci\u00f3n de personas en la ciudad, pues 66 por ciento de sus habitantes tiene domicilio en el \u00e1rea metropolitana de Quer\u00e9taro.<\/p>\n<p>Dicha entidad atraviesa por una alta desigualdad, pues m\u00e1s de un mill\u00f3n 400 mil habitantes ganan menos de cinco salarios m\u00ednimos, y no hay oferta de vivienda en Quer\u00e9taro menor a los 700 mil pesos.<\/p>\n<p>\u201cEsto nos llama la atenci\u00f3n para generar una pol\u00edtica espec\u00edfica de vivienda adecuada, a fin de lograr el objetivo de derecho a la ciudad; este n\u00famero de habitantes no est\u00e1n en las calles y sabemos que necesitan un lugar para vivir, lo que nos obliga a hacer un an\u00e1lisis cualitativo y cuantitativo de las pol\u00edticas del Estado y medir el cumplimiento de los objetivos\u201d, asegur\u00f3.<\/p>\n<p>Destac\u00f3 que en una de las principales avenidas de la ciudad de Quer\u00e9taro han logrado crear un proyecto de movilidad integral y eficiente, centrado en las necesidades del peat\u00f3n que es m\u00e1s de 70 por ciento de la poblaci\u00f3n y que debe ser el principal actor de la pol\u00edtica p\u00fablica.<\/p>\n<p>Se\u00f1al\u00f3 que para lograr los cambios en la ciudad es necesario unir esfuerzos entre autoridades de gobierno en todos los \u00f3rdenes, los colegios de profesionales, la ciudadan\u00eda, las c\u00e1maras de comercio y las universidades.<\/p>\n<p>Luis Guillermo Ben\u00edtez, Presidente municipal de Mazatl\u00e1n, Sinaloa, dijo que desde que comenz\u00f3 su administraci\u00f3n \u2013hace cuatro a\u00f1os\u2013 han luchado con el problema de la vivienda en ese puerto, debido a que los nuevos desarrollos est\u00e1n destinados a la modalidad de \u201ctiempos compartidos\u201d o son utilizados para servicios tur\u00edsticos, como la plataforma Airbnb.<\/p>\n<p>En su ponencia destac\u00f3 que debido a un cambio en la visi\u00f3n de ciudad que quieren implementar, han construido 88 kil\u00f3metros de ciclopistas para todas y todos los ciudadanos, adem\u00e1s de reordenar el transporte y crear circuitos de movilidad urbana para que las personas puedan trasladarse f\u00e1cilmente desde sus casas a los centros m\u00e1s densificados o con mayor conectividad p\u00fablica.<\/p>\n<p>Mirtha Villalvazo, Presidenta municipal de Bah\u00eda de Banderas, Nayarit, lament\u00f3 que haya \u201catraso en M\u00e9xico de m\u00e1s de 100 a\u00f1os\u201d en infraestructura de movilidad comparada con pa\u00edses europeos, pues hay lugares tur\u00edsticos importantes que no tienen una conectividad por carretera, lo que impide la colaboraci\u00f3n y la implementaci\u00f3n de proyectos conjuntos.<\/p>\n<p>Revel\u00f3 que debido a la construcci\u00f3n de infraestructura tur\u00edstica, dicho municipio enfrenta la llegada de poblaci\u00f3n flotante que requiere de servicios y de opciones de movilidad, pero que adem\u00e1s terminan qued\u00e1ndose a vivir en el municipio generando m\u00e1s demanda de vivienda de la que ya hay un d\u00e9ficit.<\/p>\n","protected":false},"excerpt":{"rendered":"<p>Uno de los principales problemas de las ciudades es el acceso a vivienda digna, por&#8230;<\/p>\n","protected":false},"author":1,"featured_media":10363,"comment_status":"open","ping_status":"closed","sticky":false,"template":"","format":"standard","meta":{"footnotes":""},"categories":[37,40],"tags":[],"class_list":["post-10361","post","type-post","status-publish","format-standard","has-post-thumbnail","hentry","category-nacional","category-politica"],"_links":{"self":[{"href":"https:\/\/chaneltodaycancun.com\/index.php\/wp-json\/wp\/v2\/posts\/10361","targetHints":{"allow":["GET"]}}],"collection":[{"href":"https:\/\/chaneltodaycancun.com\/index.php\/wp-json\/wp\/v2\/posts"}],"about":[{"href":"https:\/\/chaneltodaycancun.com\/index.php\/wp-json\/wp\/v2\/types\/post"}],"author":[{"embeddable":true,"href":"https:\/\/chaneltodaycancun.com\/index.php\/wp-json\/wp\/v2\/users\/1"}],"replies":[{"embeddable":true,"href":"https:\/\/chaneltodaycancun.com\/index.php\/wp-json\/wp\/v2\/comments?post=10361"}],"version-history":[{"count":1,"href":"https:\/\/chaneltodaycancun.com\/index.php\/wp-json\/wp\/v2\/posts\/10361\/revisions"}],"predecessor-version":[{"id":10362,"href":"https:\/\/chaneltodaycancun.com\/index.php\/wp-json\/wp\/v2\/posts\/10361\/revisions\/10362"}],"wp:featuredmedia":[{"embeddable":true,"href":"https:\/\/chaneltodaycancun.com\/index.php\/wp-json\/wp\/v2\/media\/10363"}],"wp:attachment":[{"href":"https:\/\/chaneltodaycancun.com\/index.php\/wp-json\/wp\/v2\/media?parent=10361"}],"wp:term":[{"taxonomy":"category","embeddable":true,"href":"https:\/\/chaneltodaycancun.com\/index.php\/wp-json\/wp\/v2\/categories?post=10361"},{"taxonomy":"post_tag","embeddable":true,"href":"https:\/\/chaneltodaycancun.com\/index.php\/wp-json\/wp\/v2\/tags?post=10361"}],"curies":[{"name":"wp","href":"https:\/\/api.w.org\/{rel}","templated":true}]}}