{"id":10364,"date":"2022-08-23T18:54:34","date_gmt":"2022-08-23T23:54:34","guid":{"rendered":"https:\/\/chaneltodaycancun.com\/?p=10364"},"modified":"2022-08-23T23:54:35","modified_gmt":"2022-08-23T23:54:35","slug":"exposicion-de-jornadas-de-arte-mexico-japon-entre-el-habla-y-el-silencio","status":"publish","type":"post","link":"https:\/\/chaneltodaycancun.com\/index.php\/2022\/08\/23\/exposicion-de-jornadas-de-arte-mexico-japon-entre-el-habla-y-el-silencio\/","title":{"rendered":"Exposici\u00f3n de Jornadas de Arte M\u00e9xico \u2013 Jap\u00f3n: Entre el habla y el silencio"},"content":{"rendered":"<p><strong>Exposici\u00f3n<\/strong>.\u00a0<strong><em>Entre el habla y el silencio<br \/>\n<\/em><\/strong>Videoarte con las piezas:\u00a0<em>Un pa\u00eds en las memorias,\u00a0<\/em>de Miho Hagino y Taro Zorril y\u00a0<em>Relato familiar,\u00a0<\/em>de Sumie Garc\u00eda.<strong><br \/>\n<\/strong>Del viernes 26 de agosto al domingo 2 de octubre<br \/>\nInauguraci\u00f3n: jueves 25, 18:00 h<br \/>\nGaler\u00eda Arte Binario<br \/>\nEntrada libre<br \/>\nTodo p\u00fablico<\/p>\n<p>Se presentan dos cortometrajes documentales que visibilizan la experiencia de los inmigrantes japoneses en M\u00e9xico. \u201cUn pa\u00eds en la memoria\u201d explora la identidad, valores y conductas que se formulan en el cruce de ambas culturas, mientras que \u201cRelato familiar\u201d es la historia de Yukio Saeki, quien lleg\u00f3 a M\u00e9xico en 1955 y a sus 83 a\u00f1os a\u00fan puede escuchar el eco del mar en Jap\u00f3n, cerca de Horishima, y la bomba at\u00f3mica cayendo del cielo.<\/p>\n","protected":false},"excerpt":{"rendered":"<p>Exposici\u00f3n.\u00a0Entre el habla y el silencio Videoarte con las piezas:\u00a0Un pa\u00eds en las memorias,\u00a0de Miho&#8230;<\/p>\n","protected":false},"author":1,"featured_media":10366,"comment_status":"open","ping_status":"closed","sticky":false,"template":"","format":"standard","meta":{"footnotes":""},"categories":[47,37],"tags":[],"class_list":["post-10364","post","type-post","status-publish","format-standard","has-post-thumbnail","hentry","category-cultural","category-nacional"],"_links":{"self":[{"href":"https:\/\/chaneltodaycancun.com\/index.php\/wp-json\/wp\/v2\/posts\/10364","targetHints":{"allow":["GET"]}}],"collection":[{"href":"https:\/\/chaneltodaycancun.com\/index.php\/wp-json\/wp\/v2\/posts"}],"about":[{"href":"https:\/\/chaneltodaycancun.com\/index.php\/wp-json\/wp\/v2\/types\/post"}],"author":[{"embeddable":true,"href":"https:\/\/chaneltodaycancun.com\/index.php\/wp-json\/wp\/v2\/users\/1"}],"replies":[{"embeddable":true,"href":"https:\/\/chaneltodaycancun.com\/index.php\/wp-json\/wp\/v2\/comments?post=10364"}],"version-history":[{"count":1,"href":"https:\/\/chaneltodaycancun.com\/index.php\/wp-json\/wp\/v2\/posts\/10364\/revisions"}],"predecessor-version":[{"id":10365,"href":"https:\/\/chaneltodaycancun.com\/index.php\/wp-json\/wp\/v2\/posts\/10364\/revisions\/10365"}],"wp:featuredmedia":[{"embeddable":true,"href":"https:\/\/chaneltodaycancun.com\/index.php\/wp-json\/wp\/v2\/media\/10366"}],"wp:attachment":[{"href":"https:\/\/chaneltodaycancun.com\/index.php\/wp-json\/wp\/v2\/media?parent=10364"}],"wp:term":[{"taxonomy":"category","embeddable":true,"href":"https:\/\/chaneltodaycancun.com\/index.php\/wp-json\/wp\/v2\/categories?post=10364"},{"taxonomy":"post_tag","embeddable":true,"href":"https:\/\/chaneltodaycancun.com\/index.php\/wp-json\/wp\/v2\/tags?post=10364"}],"curies":[{"name":"wp","href":"https:\/\/api.w.org\/{rel}","templated":true}]}}