{"id":10498,"date":"2022-08-30T15:54:37","date_gmt":"2022-08-30T20:54:37","guid":{"rendered":"https:\/\/chaneltodaycancun.com\/?p=10498"},"modified":"2022-08-30T20:54:39","modified_gmt":"2022-08-30T20:54:39","slug":"cancun-cierra-la-temporada-alta-con-mas-del-80-de-ocupacion","status":"publish","type":"post","link":"https:\/\/chaneltodaycancun.com\/index.php\/2022\/08\/30\/cancun-cierra-la-temporada-alta-con-mas-del-80-de-ocupacion\/","title":{"rendered":"Canc\u00fan cierra la temporada alta con m\u00e1s del 80% de ocupaci\u00f3n"},"content":{"rendered":"<p>El secretario de Turismo de M\u00e9xico, Miguel Torruco Marqu\u00e9s, comparti\u00f3 en sus cuentas oficiales que los d\u00edas 15 al 21 de agosto Canc\u00fan obtuvo el mayor nivel de ocupaci\u00f3n con 82.5%, le siguen Los Cabos con 76.8% y Puerto Vallarta con 69.3%.<\/p>\n<p>Al cierre de la semana, la autoridad estatal inform\u00f3 que vacacionaban 369 mil 718 turistas. \u201cSe cumplieron lo que hab\u00edamos proyectado, con ocupaciones de entre 80 y 90 %, y esperamos para los meses que vienen de temporada baja estar entre el 60 y el 70%, para una temporada baja no es nada mal y n\u00fameros de asientos programados para las aerol\u00edneas, para los meses que siguen de aqu\u00ed a fin de a\u00f1o, nos permiten asegurar con un nivel de ocupaci\u00f3n inclusive moderado, que nos van a permitir tener crecimiento\u201d, se inform\u00f3.<\/p>\n<p>El gobernador de Quintana Roo, Carlos Joaqu\u00edn Gonz\u00e1lez, ha destacado recientemente el potencial del Caribe mexicano para generar competitividad tur\u00edstica a nivel mundial.<\/p>\n<p>Durante su intervenci\u00f3n en el primer Congreso de Turismo y Tecnolog\u00eda, World Tourism Trends Summit 2022, Joaqu\u00edn ha expresado que el sector tur\u00edstico de Quintana Roo se encuentra preparado para iniciar una etapa de innovaci\u00f3n y mostrar la belleza del Caribe Mexicano en todos los rincones del mundo (Joaqu\u00edn dice que deja a Lezama un estado con competitividad tur\u00edstica)<\/p>\n<p>Al respecto, el presidente de la Asociaci\u00f3n de Hoteles de Canc\u00fan, Puerto Morelos e Isla Mujeres, Jes\u00fas Almaguer, coment\u00f3: \u201cEn teor\u00eda ya comienza la temporada baja, pero vemos que no va a ser tan baja\u201d. En general, los hoteleros esperan lograr ocupaciones de hasta 70% a partir del mes de septiembre, el cual siempre ha sido considerado como temporada baja, de hecho, anteriormente se le conoc\u00eda como \u201cSeptihambre\u201d, pero al parecer este a\u00f1o no ser\u00e1 as\u00ed.<\/p>\n<p>David Ortiz Mena, presidente de la Asociaci\u00f3n de Hoteles de Tulum, se\u00f1al\u00f3 que para el mes de septiembre el turismo que m\u00e1s esperan es el suramericano, sobre todo de pa\u00edses como Colombia y Brasil, a pesar de que a este \u00faltimo mercado se le acaba de imponer el requisito de la visa para ingresar a M\u00e9xico (Canc\u00fan: hoteleros descartan una temporada baja despu\u00e9s del verano)<\/p>\n","protected":false},"excerpt":{"rendered":"<p>El secretario de Turismo de M\u00e9xico, Miguel Torruco Marqu\u00e9s, comparti\u00f3 en sus cuentas oficiales que&#8230;<\/p>\n","protected":false},"author":1,"featured_media":10500,"comment_status":"open","ping_status":"closed","sticky":false,"template":"","format":"standard","meta":{"footnotes":""},"categories":[27,57],"tags":[],"class_list":["post-10498","post","type-post","status-publish","format-standard","has-post-thumbnail","hentry","category-local","category-quintana-roo"],"_links":{"self":[{"href":"https:\/\/chaneltodaycancun.com\/index.php\/wp-json\/wp\/v2\/posts\/10498","targetHints":{"allow":["GET"]}}],"collection":[{"href":"https:\/\/chaneltodaycancun.com\/index.php\/wp-json\/wp\/v2\/posts"}],"about":[{"href":"https:\/\/chaneltodaycancun.com\/index.php\/wp-json\/wp\/v2\/types\/post"}],"author":[{"embeddable":true,"href":"https:\/\/chaneltodaycancun.com\/index.php\/wp-json\/wp\/v2\/users\/1"}],"replies":[{"embeddable":true,"href":"https:\/\/chaneltodaycancun.com\/index.php\/wp-json\/wp\/v2\/comments?post=10498"}],"version-history":[{"count":1,"href":"https:\/\/chaneltodaycancun.com\/index.php\/wp-json\/wp\/v2\/posts\/10498\/revisions"}],"predecessor-version":[{"id":10499,"href":"https:\/\/chaneltodaycancun.com\/index.php\/wp-json\/wp\/v2\/posts\/10498\/revisions\/10499"}],"wp:featuredmedia":[{"embeddable":true,"href":"https:\/\/chaneltodaycancun.com\/index.php\/wp-json\/wp\/v2\/media\/10500"}],"wp:attachment":[{"href":"https:\/\/chaneltodaycancun.com\/index.php\/wp-json\/wp\/v2\/media?parent=10498"}],"wp:term":[{"taxonomy":"category","embeddable":true,"href":"https:\/\/chaneltodaycancun.com\/index.php\/wp-json\/wp\/v2\/categories?post=10498"},{"taxonomy":"post_tag","embeddable":true,"href":"https:\/\/chaneltodaycancun.com\/index.php\/wp-json\/wp\/v2\/tags?post=10498"}],"curies":[{"name":"wp","href":"https:\/\/api.w.org\/{rel}","templated":true}]}}