{"id":10537,"date":"2022-09-02T18:24:17","date_gmt":"2022-09-02T23:24:17","guid":{"rendered":"https:\/\/chaneltodaycancun.com\/?p=10537"},"modified":"2022-09-02T23:24:18","modified_gmt":"2022-09-02T23:24:18","slug":"lapuente-sobre-martino-no-hay-tecnicos-mexicanos","status":"publish","type":"post","link":"https:\/\/chaneltodaycancun.com\/index.php\/2022\/09\/02\/lapuente-sobre-martino-no-hay-tecnicos-mexicanos\/","title":{"rendered":"Lapuente sobre Martino: \u201c\u00bfNo hay t\u00e9cnicos mexicanos?\u201d"},"content":{"rendered":"<div class=\"row\">\n<div class=\"col-md-10 col-12\">\n<div class=\"art__hdl\">\n<h4 class=\"art__hdl__opn\" style=\"text-align: center;\">El experimentando directo t\u00e9cnico lament\u00f3 y critic\u00f3 la falta de oportunidad hacia entrenadores nacionales para tomar las riendas del \u2018Tri\u2019.<\/h4>\n<\/div>\n<\/div>\n<\/div>\n<div class=\"row\">\n<div class=\"col-12\">\n<div class=\"art__me\">\n<div class=\"art__by \">\n<div class=\"art__au\">\n<p class=\"\">A poco\u00a0<b>menos de\u00a0<\/b><b>tres meses de Qatar 2022<\/b><b>, Gerardo Martino,\u00a0<\/b>t\u00e9cnico de la\u00a0<b>Selecci\u00f3n Mexicana<\/b><b>,\u00a0<\/b>est\u00e1 en el ojo del hurac\u00e1n. El\u00a0<b>\u2018Tri\u2019 no convence a la afici\u00f3n<\/b>\u00a0tras sus \u00faltimos partidos amistosos, y uno de los m\u00e1s criticados es el \u2018Tata\u2019, quien inclusive ya habl\u00f3 que hay una campa\u00f1a en su contra. Respecto a la actualidad de M\u00e9xico,<b>\u00a0Manuel Lapuente<\/b>\u00a0asegur\u00f3 que prefiere que un\u00a0<b>mexicano est\u00e9 al frente del \u2018Tricolor\u2019\u00a0<\/b>por lo que lament\u00f3 la falta de oportunidad hacia los entrenadores nacionales.<\/p>\n<p class=\"\">\u201c<b>\u00bfNo hay t\u00e9cnicos mexicanos?<\/b>\u00a0Yo no estoy hablando mal de Gerardo Martino.\u00a0<b>Es un gran t\u00e9cnico, lo s\u00e9, lo conozco y s\u00e9 su carrera<\/b>, \u00bfpero no hay t\u00e9cnicos mexicanos? Ustedes saben mejor que yo \u00bfya no hay? \u00bfEntonces para qu\u00e9 queremos un extranjero en nuestra selecci\u00f3n? No se vale, yo digo que no se vale. Con todo el respeto del mundo para los extranjeros,<b>\u00a0no soy chauvinista ni lo ser\u00e9 nunca pero la Selecci\u00f3n Mexicana la debe llevar un mexicano<\/b>\u201d se\u00f1al\u00f3 Manuel Lapuente para\u00a0<i>ESPN.<\/i>Asimismo, Lapuente hizo hincapi\u00e9 en que\u00a0<b>no tiene nada contra Martino\u00a0<\/b>y se\u00f1al\u00f3 que si \u00e9l ser\u00e1 el t\u00e9cnico del \u2018Tri\u2019 en Qatar 2022 no queda m\u00e1s que apoyarlo. \u201cNo me atrevo (a hablar de su gesti\u00f3n) porque Martino es un excelente t\u00e9cnico.<b>\u00a0Si ya est\u00e1 aqu\u00ed, pues hay que darle oportunidad y fuerza<\/b>\u201d mencion\u00f3.<\/p>\n<div class=\"art__bo is-unfolded\">\n<p class=\"\">Finalmente, \u2018Manolo\u2019\u00a0<b>se\u00f1al\u00f3 a los federativos como los principales responsables<\/b>\u00a0de la gesti\u00f3n de Martino, pues ellos fueron quienes determinaron al entrenador para este ciclo mundialista de Qatar 2022. \u201c<b>Desde arriba (los federativos)\u00a0<\/b>por elegir a alguien de Argentina sobre un t\u00e9cnico mexicano cerrando con un \u201c\u00bfy entonces a qui\u00e9n le va?\u201d puntualiz\u00f3.<\/p>\n<\/div>\n<aside class=\"rel-ss\">\n<div class=\"row\">\n<div class=\"col-md-6 col-sm-6 col-xs-12\"><\/div>\n<\/div>\n<\/aside>\n<\/div>\n<\/div>\n<\/div>\n<\/div>\n<\/div>\n","protected":false},"excerpt":{"rendered":"<p>El experimentando directo t\u00e9cnico lament\u00f3 y critic\u00f3 la falta de oportunidad hacia entrenadores nacionales para&#8230;<\/p>\n","protected":false},"author":1,"featured_media":10539,"comment_status":"open","ping_status":"closed","sticky":false,"template":"","format":"standard","meta":{"footnotes":""},"categories":[31,37],"tags":[],"class_list":["post-10537","post","type-post","status-publish","format-standard","has-post-thumbnail","hentry","category-deportes","category-nacional"],"_links":{"self":[{"href":"https:\/\/chaneltodaycancun.com\/index.php\/wp-json\/wp\/v2\/posts\/10537","targetHints":{"allow":["GET"]}}],"collection":[{"href":"https:\/\/chaneltodaycancun.com\/index.php\/wp-json\/wp\/v2\/posts"}],"about":[{"href":"https:\/\/chaneltodaycancun.com\/index.php\/wp-json\/wp\/v2\/types\/post"}],"author":[{"embeddable":true,"href":"https:\/\/chaneltodaycancun.com\/index.php\/wp-json\/wp\/v2\/users\/1"}],"replies":[{"embeddable":true,"href":"https:\/\/chaneltodaycancun.com\/index.php\/wp-json\/wp\/v2\/comments?post=10537"}],"version-history":[{"count":1,"href":"https:\/\/chaneltodaycancun.com\/index.php\/wp-json\/wp\/v2\/posts\/10537\/revisions"}],"predecessor-version":[{"id":10538,"href":"https:\/\/chaneltodaycancun.com\/index.php\/wp-json\/wp\/v2\/posts\/10537\/revisions\/10538"}],"wp:featuredmedia":[{"embeddable":true,"href":"https:\/\/chaneltodaycancun.com\/index.php\/wp-json\/wp\/v2\/media\/10539"}],"wp:attachment":[{"href":"https:\/\/chaneltodaycancun.com\/index.php\/wp-json\/wp\/v2\/media?parent=10537"}],"wp:term":[{"taxonomy":"category","embeddable":true,"href":"https:\/\/chaneltodaycancun.com\/index.php\/wp-json\/wp\/v2\/categories?post=10537"},{"taxonomy":"post_tag","embeddable":true,"href":"https:\/\/chaneltodaycancun.com\/index.php\/wp-json\/wp\/v2\/tags?post=10537"}],"curies":[{"name":"wp","href":"https:\/\/api.w.org\/{rel}","templated":true}]}}