{"id":10567,"date":"2022-09-03T14:10:08","date_gmt":"2022-09-03T19:10:08","guid":{"rendered":"https:\/\/chaneltodaycancun.com\/?p=10567"},"modified":"2022-09-03T19:10:10","modified_gmt":"2022-09-03T19:10:10","slug":"cancun-nueva-alcaldesa-tomara-posesion-el-20-de-septiembre","status":"publish","type":"post","link":"https:\/\/chaneltodaycancun.com\/index.php\/2022\/09\/03\/cancun-nueva-alcaldesa-tomara-posesion-el-20-de-septiembre\/","title":{"rendered":"Canc\u00fan: nueva alcaldesa tomar\u00e1 posesi\u00f3n el 20 de septiembre"},"content":{"rendered":"<p>Ana Patricia Peralta de la Pe\u00f1a asumir\u00e1 la presidencia municipal de Benito Ju\u00e1rez el pr\u00f3ximo 20 de septiembre, para sustituir en el cargo a Mara Lezama Espinosa, quien result\u00f3 electa como gobernadora de Quintana Roo.<\/p>\n<p>Lourdes Cardona Muza, encargada de despacho de la presidencia municipal, se\u00f1al\u00f3 que esa fecha se acord\u00f3 con el equipo de Peralta, aunque reconoci\u00f3 que falta por definir el horario para celebrar la sesi\u00f3n solemne de cabildo donde har\u00e1 entrega del cargo.<\/p>\n<p>\u00abTodav\u00eda no tenemos la hora, porque el equipo de Ana Patricia Peralta todav\u00eda no nos ha confirmado qu\u00e9 hora es la que ella decidir\u00e1 para hacer la toma de protesta como nueva presidenta municipal, pero ya es un hecho que ser\u00e1 el 20 de septiembre\u201d, afirm\u00f3 Cardona.<\/p>\n<p>Acerca de si habr\u00e1 cambios en el gabinete con la pr\u00f3xima presidenta municipal, la alcaldesa encargada reconoci\u00f3 que hasta el momento no se ha platicado al respecto con Peralta de la Pe\u00f1a, por lo que habr\u00e1 que esperar a ver si se hacen ajustes.<\/p>\n<p>En cuanto a las fiestas patrias, Cardona Muza se\u00f1al\u00f3 que, adem\u00e1s de que encabezar\u00e1 la celebraci\u00f3n de la ceremonia del Grito de Independencia en el Palacio Municipal, confirm\u00f3 que se llevar\u00e1 a cabo el desfile del 16 de septiembre, realizado por la Secretar\u00eda de la Defensa Nacional.<\/p>\n","protected":false},"excerpt":{"rendered":"<p>Ana Patricia Peralta de la Pe\u00f1a asumir\u00e1 la presidencia municipal de Benito Ju\u00e1rez el pr\u00f3ximo&#8230;<\/p>\n","protected":false},"author":1,"featured_media":10569,"comment_status":"open","ping_status":"closed","sticky":false,"template":"","format":"standard","meta":{"footnotes":""},"categories":[27,57],"tags":[],"class_list":["post-10567","post","type-post","status-publish","format-standard","has-post-thumbnail","hentry","category-local","category-quintana-roo"],"_links":{"self":[{"href":"https:\/\/chaneltodaycancun.com\/index.php\/wp-json\/wp\/v2\/posts\/10567","targetHints":{"allow":["GET"]}}],"collection":[{"href":"https:\/\/chaneltodaycancun.com\/index.php\/wp-json\/wp\/v2\/posts"}],"about":[{"href":"https:\/\/chaneltodaycancun.com\/index.php\/wp-json\/wp\/v2\/types\/post"}],"author":[{"embeddable":true,"href":"https:\/\/chaneltodaycancun.com\/index.php\/wp-json\/wp\/v2\/users\/1"}],"replies":[{"embeddable":true,"href":"https:\/\/chaneltodaycancun.com\/index.php\/wp-json\/wp\/v2\/comments?post=10567"}],"version-history":[{"count":1,"href":"https:\/\/chaneltodaycancun.com\/index.php\/wp-json\/wp\/v2\/posts\/10567\/revisions"}],"predecessor-version":[{"id":10568,"href":"https:\/\/chaneltodaycancun.com\/index.php\/wp-json\/wp\/v2\/posts\/10567\/revisions\/10568"}],"wp:featuredmedia":[{"embeddable":true,"href":"https:\/\/chaneltodaycancun.com\/index.php\/wp-json\/wp\/v2\/media\/10569"}],"wp:attachment":[{"href":"https:\/\/chaneltodaycancun.com\/index.php\/wp-json\/wp\/v2\/media?parent=10567"}],"wp:term":[{"taxonomy":"category","embeddable":true,"href":"https:\/\/chaneltodaycancun.com\/index.php\/wp-json\/wp\/v2\/categories?post=10567"},{"taxonomy":"post_tag","embeddable":true,"href":"https:\/\/chaneltodaycancun.com\/index.php\/wp-json\/wp\/v2\/tags?post=10567"}],"curies":[{"name":"wp","href":"https:\/\/api.w.org\/{rel}","templated":true}]}}