{"id":10780,"date":"2022-09-15T16:03:59","date_gmt":"2022-09-15T21:03:59","guid":{"rendered":"https:\/\/chaneltodaycancun.com\/?p=10780"},"modified":"2022-09-15T21:04:00","modified_gmt":"2022-09-15T21:04:00","slug":"cuando-llegara-mexico-a-su-pico-de-inflacion-enrique-quintana-explica","status":"publish","type":"post","link":"https:\/\/chaneltodaycancun.com\/index.php\/2022\/09\/15\/cuando-llegara-mexico-a-su-pico-de-inflacion-enrique-quintana-explica\/","title":{"rendered":"\u00bfCu\u00e1ndo llegar\u00e1 M\u00e9xico a su \u2018pico\u2019 de inflaci\u00f3n? Enrique Quintana explica"},"content":{"rendered":"<div class=\"row\">\n<div class=\"col-sm-xl-12 layout-section wrap-bottom\">\n<h4 class=\"primary-font__PrimaryFontStyles-o56yd5-0 heuGTu h4-primary sub-headline\" style=\"text-align: center;\">Se espera que M\u00e9xico comience una recuperaci\u00f3n econ\u00f3mica \u2018lenta\u2019, de acuerdo con Enrique Quintana, quien asegura que la inflaci\u00f3n continuar\u00e1 en niveles elevados pr\u00f3ximamente.<\/h4>\n<div class=\"default__StyledDiv-cj38t1-0 gCPfDm share-bar\">\n<p class=\"default__StyledText-xb1qmn-0 cgXrXK body-paragraph\">La\u00a0inflaci\u00f3n en M\u00e9xico\u00a0ha ido en constante aumento durante el a\u00f1o, y el pron\u00f3stico de\u00a0Enrique Quintana, director general editorial de\u00a0<i>El Financiero<\/i>, es que en los pr\u00f3ximos meses\u00a0<b>se llegar\u00e1 a los niveles m\u00e1s altos<\/b>\u00a0de los precios, para finalmente comenzar a bajar.<\/p>\n<p class=\"default__StyledText-xb1qmn-0 cgXrXK body-paragraph\">Durante su participaci\u00f3n en el\u00a0<i><b>EF Meet Point Virtual: Perspectivas de la Econom\u00eda Mexicana<\/b><\/i>, el periodista explic\u00f3 que \u201cno hay certeza de que estemos en el punto m\u00e1s alto\u201d de la inflaci\u00f3n, e incluso se espera que esta suba la pr\u00f3xima semana.<\/p>\n<p class=\"default__StyledText-xb1qmn-0 cgXrXK body-paragraph\">M\u00e9xico tiene\u00a0un dato de inflaci\u00f3n del 8.7 por ciento seg\u00fan el \u00cdndice Nacional de Precios al Consumidor del Instituto Nacional de Estad\u00edstica y Geograf\u00eda (Inegi), y con\u00a0<b>un sector \u201caltamente inestable\u201d\u00a0<\/b>es posible que en lo que queda de septiembre y octubre se muestren los niveles m\u00e1s elevados de inflaci\u00f3n.<\/p>\n<p class=\"default__StyledText-xb1qmn-0 cgXrXK body-paragraph\">Enrique Quintana pronostica que la inflaci\u00f3n en septiembre y octubre\u00a0<b>llegar\u00e1 al 9 por ciento<\/b>, \u201ce incluso un poco m\u00e1s arriba\u201d. Y aunque es posible que despu\u00e9s comience a bajar el dato lanzado por el Inegi, es necesario<b>\u00a0\u201cno confiarse\u201d<\/b>, ya que la inestabilidad hace que sea complicado predecir lo que vendr\u00e1 para la econom\u00eda de los mexicanos, as\u00ed como el costo de los productos.<\/p>\n<h2 class=\"heading__StyledHeading-sc-5jxglz-0 kSxoe\"><b>\u00bfY c\u00f3mo le va a ir a la tasa de inter\u00e9s en M\u00e9xico para cerrar el 2022?<\/b><\/h2>\n<p class=\"default__StyledText-xb1qmn-0 cgXrXK body-paragraph\">Enrique Quintana explica que tener una inflaci\u00f3n alta<b>\u00a0hace que suba el precio del dinero<\/b>, por lo que el\u00a0Banco de M\u00e9xico (Banxico) comenz\u00f3 a incrementar sus tasas de inter\u00e9s\u00a0para frenar en cierta medida el impacto de la inflaci\u00f3n desde julio de 2021.<\/p>\n<p class=\"default__StyledText-xb1qmn-0 cgXrXK body-paragraph\">As\u00ed como con la\u00a0Reserva Federal de Estados Unidos (Fed), se espera que la pr\u00f3xima semana el\u00a0banco central de M\u00e9xico aumente en 75 puntos base la tasa de inter\u00e9s, lo que tendr\u00e1 repercusi\u00f3n en las tasas de diferentes bancos en todo M\u00e9xico.<\/p>\n<p class=\"default__StyledText-xb1qmn-0 cgXrXK body-paragraph\">Se espera que en los pr\u00f3ximos meses la tasa de inter\u00e9s de los bancos, que se cobra despu\u00e9s de no pagar las tarjetas en la fecha que se debe,<b>\u00a0sea del 40 al 50 por ciento<\/b>, por lo que la recomendaci\u00f3n de Enrique Quintana es no endeudarse, ya que puede salir m\u00e1s caro.<\/p>\n<h2 class=\"heading__StyledHeading-sc-5jxglz-0 kSxoe\"><b>\u00bfY el d\u00f3lar?<\/b><\/h2>\n<p class=\"default__StyledText-xb1qmn-0 cgXrXK body-paragraph\">Acerca del d\u00f3lar, destac\u00f3 que en general se ha mantenido relativamente estable. \u201cEl costo de la divisa norteamericana, cuando inici\u00f3 la pandemia tuvimos un salto, estaba la cotizaci\u00f3n de la moneda norteamericana debajo de 20 y en aquel entonces se fue casi a 25. Sin embargo, al paso de los meses, la situaci\u00f3n se fue acomodando y hoy tenemos una circunstancia<b>\u00a0sorprendentemente estable del precio del d\u00f3lar<\/b>\u201d, dijo.<\/p>\n<p class=\"default__StyledText-xb1qmn-0 cgXrXK body-paragraph\">El nivel tan resistente del peso frente al d\u00f3lar se explica por varias cosas: uno de ellas es el\u00a0<b>diferencial de tasas entre M\u00e9xico y Estados Unidos<\/b>, quienes quieren invertir en EU obtendr\u00e1n un rendimiento entre el 2 y 3 por ciento, pero en M\u00e9xico se pueden conseguir rendimientos entre el 8 y 10 por ciento, lo que ha motivado a muchos ahorradores del pa\u00eds y del extranjero inviertan en pesos; otro ingrediente, consiste en que tenemos\u00a0<b>niveles ingresos r\u00e9cord por exportaciones<\/b>, durante 2022 ser\u00e1n del orden de 500 mil millones de d\u00f3lares, esto tambi\u00e9n fortalece al peso \u00a0y tambi\u00e9n se tienen\u00a0<b>ingresos r\u00e9cord en remesas<\/b>, m\u00e1s de 55 mil millones de d\u00f3lares, cifras nunca antes vistas en la historia de nuestro pa\u00eds tambi\u00e9n fortalece nuestra moneda y le quita presi\u00f3n.<\/p>\n<p class=\"default__StyledText-xb1qmn-0 cgXrXK body-paragraph\">Asimismo, tenemos una inversi\u00f3n extranjera, que tal vez se observe en m\u00e1s 40 mil mdd este a\u00f1o por el efecto del nearshoring.<\/p>\n<p class=\"default__StyledText-xb1qmn-0 cgXrXK body-paragraph\">\u201cPor esta raz\u00f3n tenemos lo que algunos denominan el\u00a0<b>s\u00faper peso<\/b>, y mientras estos factores se mantengan probablemente en 2023 se estima que seguiremos teniendo cotizaciones entre 20 y 21, mientras no ocurra algo que genere un desequilibrio mayor en la econom\u00eda mexicana internacional\u201d, augur\u00f3.<\/p>\n<\/div>\n<\/div>\n<\/div>\n","protected":false},"excerpt":{"rendered":"<p>Se espera que M\u00e9xico comience una recuperaci\u00f3n econ\u00f3mica \u2018lenta\u2019, de acuerdo con Enrique Quintana, quien&#8230;<\/p>\n","protected":false},"author":1,"featured_media":10782,"comment_status":"open","ping_status":"closed","sticky":false,"template":"","format":"standard","meta":{"footnotes":""},"categories":[37,40],"tags":[],"class_list":["post-10780","post","type-post","status-publish","format-standard","has-post-thumbnail","hentry","category-nacional","category-politica"],"_links":{"self":[{"href":"https:\/\/chaneltodaycancun.com\/index.php\/wp-json\/wp\/v2\/posts\/10780","targetHints":{"allow":["GET"]}}],"collection":[{"href":"https:\/\/chaneltodaycancun.com\/index.php\/wp-json\/wp\/v2\/posts"}],"about":[{"href":"https:\/\/chaneltodaycancun.com\/index.php\/wp-json\/wp\/v2\/types\/post"}],"author":[{"embeddable":true,"href":"https:\/\/chaneltodaycancun.com\/index.php\/wp-json\/wp\/v2\/users\/1"}],"replies":[{"embeddable":true,"href":"https:\/\/chaneltodaycancun.com\/index.php\/wp-json\/wp\/v2\/comments?post=10780"}],"version-history":[{"count":1,"href":"https:\/\/chaneltodaycancun.com\/index.php\/wp-json\/wp\/v2\/posts\/10780\/revisions"}],"predecessor-version":[{"id":10781,"href":"https:\/\/chaneltodaycancun.com\/index.php\/wp-json\/wp\/v2\/posts\/10780\/revisions\/10781"}],"wp:featuredmedia":[{"embeddable":true,"href":"https:\/\/chaneltodaycancun.com\/index.php\/wp-json\/wp\/v2\/media\/10782"}],"wp:attachment":[{"href":"https:\/\/chaneltodaycancun.com\/index.php\/wp-json\/wp\/v2\/media?parent=10780"}],"wp:term":[{"taxonomy":"category","embeddable":true,"href":"https:\/\/chaneltodaycancun.com\/index.php\/wp-json\/wp\/v2\/categories?post=10780"},{"taxonomy":"post_tag","embeddable":true,"href":"https:\/\/chaneltodaycancun.com\/index.php\/wp-json\/wp\/v2\/tags?post=10780"}],"curies":[{"name":"wp","href":"https:\/\/api.w.org\/{rel}","templated":true}]}}