{"id":10789,"date":"2022-09-16T15:47:52","date_gmt":"2022-09-16T20:47:52","guid":{"rendered":"https:\/\/chaneltodaycancun.com\/?p=10789"},"modified":"2022-09-16T20:47:54","modified_gmt":"2022-09-16T20:47:54","slug":"viva-mexico-muera-el-clasismo-despues-de-dos-anos-de-restricciones-por-la-pandemia-amlo-da-el-grito-ante-miles-de-mexicanos","status":"publish","type":"post","link":"https:\/\/chaneltodaycancun.com\/index.php\/2022\/09\/16\/viva-mexico-muera-el-clasismo-despues-de-dos-anos-de-restricciones-por-la-pandemia-amlo-da-el-grito-ante-miles-de-mexicanos\/","title":{"rendered":"&#8220;\u00a1Viva M\u00e9xico! \u00a1Muera el clasismo!&#8221;: despu\u00e9s de dos a\u00f1os de restricciones por la pandemia, AMLO da el Grito ante miles de mexicanos"},"content":{"rendered":"<p>El presidente de M\u00e9xico, Andr\u00e9s Manuel L\u00f3pez Obrador, dio el tradicional grito de la independencia de M\u00e9xico en la noche de este 15 de septiembre en medio de una multitud que core\u00f3 vivas y celebr\u00f3 un a\u00f1o m\u00e1s la festividad mexicana.<\/p>\n<p>El tradicional grito de Dolores se da cada 16 de septiembre para conmemorar el inicio de la guerra de independencia de la colonia espa\u00f1ola en 1810. Como cada a\u00f1o, los mexicanos salieron a las plazas p\u00fablicas para revivir lo que, seg\u00fan cuenta la historia, ocurri\u00f3 en la madrugada del 16 de septiembre cuando el cura Miguel Hidalgo y Costilla llam\u00f3 a los feligreses a levantarse en armas.<\/p>\n<p>AMLO, como popularmente se le conoce a L\u00f3pez Obrador, apareci\u00f3 minutos antes de la media noche de este jueves 15 en el balc\u00f3n del Palacio Nacional y dio vivas a personajes de la independencia, pero esta vez a\u00f1adi\u00f3 algunas arengas a este grito: &#8220;\u00a1Muera la corrupci\u00f3n, muera el clasismo, muera el racismo!&#8221;, dijo el mandatario, mientras miles de mexicanos celebraban en el Z\u00f3calo, la principal plaza p\u00fablica de Ciudad de M\u00e9xico.<\/p>\n<p>Este a\u00f1o, el grito ocurri\u00f3 ante un Z\u00f3calo repleto de asistentes, lo que no hab\u00eda sido posible en los dos a\u00f1os anteriores debido a la pandemia de covid-19.<\/p>\n<p>Entre tanto, el canciller de M\u00e9xico, Marcelo Ebrard,\u00a0public\u00f3 un video en sus redes sociales\u00a0almorzando con los expresidentes Jos\u00e9 Mujica, de Uruguay, y Evo Morales, de Bolivia. Los expresidentes fueron invitados especiales a la ceremonia del Grito de Independencia de M\u00e9xico. El encuentro entre Ebrard, Mujica y Morales se dio en el tradicional bar y comedor La \u00d3pera, que durante a\u00f1os ha visto visitantes ilustres como exmandatarios y escritores.<\/p>\n<p>El tradicional grito de Dolores es simb\u00f3lico, dicen historiadores,\u00a0pues anim\u00f3 a miles de personas a rebelarse contra la clase dominante\u00a0con la imagen de la Virgen de Guadalupe, primer estandarte de la lucha por la independencia.<\/p>\n<p>Aunque la insurgencia se derrumb\u00f3 en cuesti\u00f3n de meses despu\u00e9s de que apresaron y fusilaron a Hidalgo colgando su cabeza en las esquinas de la Alh\u00f3ndiga de Granaditas, se hab\u00edan plantado las semillas de la revoluci\u00f3n.<\/p>\n<p>La causa fue retomada por otro sacerdote, Jos\u00e9 Mar\u00eda Morelos y Pav\u00f3n, quien hizo una declaraci\u00f3n formal de independencia en 1813 en el Congreso de Chilpancingo. Sin embargo, dos a\u00f1os m\u00e1s tarde, \u00e9l tambi\u00e9n fue capturado y asesinado, y el movimiento que dirig\u00eda se disip\u00f3.<\/p>\n<p>Once a\u00f1os despu\u00e9s, en 1821, el ej\u00e9rcito Trigarante, encabezado por Agust\u00edn de Iturbide y Vicente Guerrero, entr\u00f3 triunfal a la Ciudad de M\u00e9xico y el pa\u00eds firma el Acta de Independencia. Espa\u00f1a no reconoci\u00f3 la Independencia de M\u00e9xico hasta 15 a\u00f1os despu\u00e9s.<\/p>\n","protected":false},"excerpt":{"rendered":"<p>El presidente de M\u00e9xico, Andr\u00e9s Manuel L\u00f3pez Obrador, dio el tradicional grito de la independencia&#8230;<\/p>\n","protected":false},"author":1,"featured_media":10791,"comment_status":"open","ping_status":"closed","sticky":false,"template":"","format":"standard","meta":{"footnotes":""},"categories":[47,36,37],"tags":[],"class_list":["post-10789","post","type-post","status-publish","format-standard","has-post-thumbnail","hentry","category-cultural","category-internacional","category-nacional"],"_links":{"self":[{"href":"https:\/\/chaneltodaycancun.com\/index.php\/wp-json\/wp\/v2\/posts\/10789","targetHints":{"allow":["GET"]}}],"collection":[{"href":"https:\/\/chaneltodaycancun.com\/index.php\/wp-json\/wp\/v2\/posts"}],"about":[{"href":"https:\/\/chaneltodaycancun.com\/index.php\/wp-json\/wp\/v2\/types\/post"}],"author":[{"embeddable":true,"href":"https:\/\/chaneltodaycancun.com\/index.php\/wp-json\/wp\/v2\/users\/1"}],"replies":[{"embeddable":true,"href":"https:\/\/chaneltodaycancun.com\/index.php\/wp-json\/wp\/v2\/comments?post=10789"}],"version-history":[{"count":1,"href":"https:\/\/chaneltodaycancun.com\/index.php\/wp-json\/wp\/v2\/posts\/10789\/revisions"}],"predecessor-version":[{"id":10790,"href":"https:\/\/chaneltodaycancun.com\/index.php\/wp-json\/wp\/v2\/posts\/10789\/revisions\/10790"}],"wp:featuredmedia":[{"embeddable":true,"href":"https:\/\/chaneltodaycancun.com\/index.php\/wp-json\/wp\/v2\/media\/10791"}],"wp:attachment":[{"href":"https:\/\/chaneltodaycancun.com\/index.php\/wp-json\/wp\/v2\/media?parent=10789"}],"wp:term":[{"taxonomy":"category","embeddable":true,"href":"https:\/\/chaneltodaycancun.com\/index.php\/wp-json\/wp\/v2\/categories?post=10789"},{"taxonomy":"post_tag","embeddable":true,"href":"https:\/\/chaneltodaycancun.com\/index.php\/wp-json\/wp\/v2\/tags?post=10789"}],"curies":[{"name":"wp","href":"https:\/\/api.w.org\/{rel}","templated":true}]}}