{"id":10924,"date":"2022-09-22T17:23:37","date_gmt":"2022-09-22T22:23:37","guid":{"rendered":"https:\/\/chaneltodaycancun.com\/?p=10924"},"modified":"2022-09-22T22:23:38","modified_gmt":"2022-09-22T22:23:38","slug":"se-consultara-a-ssa-uso-de-cubrebocas-en-transporte-sheinbaum","status":"publish","type":"post","link":"https:\/\/chaneltodaycancun.com\/index.php\/2022\/09\/22\/se-consultara-a-ssa-uso-de-cubrebocas-en-transporte-sheinbaum\/","title":{"rendered":"Se consultar\u00e1 a SSA uso de cubrebocas en transporte: Sheinbaum"},"content":{"rendered":"<p>La jefa de Gobierno, Claudia Sheinbaum dijo que consultar\u00e1 a la Secretar\u00eda de Salud federal (Ssa) si se debe seguir utilizando el cubrebocas en el transporte p\u00fablico o si se puede relajar esta recomendaci\u00f3n.<\/p>\n<p>Record\u00f3 que desde abril de este a\u00f1o ya no era recomendaci\u00f3n el uso de cubrebocas al aire libre, ya que depend\u00eda de cada persona.<\/p>\n<p>\u201cLo seguimos teniendo como recomendaci\u00f3n en el transporte p\u00fablico, vamos a preguntar a la Secretar\u00eda de Salud si esto se puede relajar o seguimos todav\u00eda pidi\u00e9ndole a la gente que lo utilice\u201d, dijo en entrevista tras la inauguraci\u00f3n del desnivel Chamixto en la alcald\u00eda Cuajimalpa.<\/p>\n<p>Lo anterior al ser cuestionada sobre las declaraciones del subsecretario de Salud, Hugo L\u00f3pez-Gatell, sobre que no tienen que declarar que el cubrebocas deje de ser obligatorio ya que \u201cnunca lo fue\u201d.<\/p>\n","protected":false},"excerpt":{"rendered":"<p>La jefa de Gobierno, Claudia Sheinbaum dijo que consultar\u00e1 a la Secretar\u00eda de Salud federal&#8230;<\/p>\n","protected":false},"author":1,"featured_media":10926,"comment_status":"open","ping_status":"closed","sticky":false,"template":"","format":"standard","meta":{"footnotes":""},"categories":[37,40],"tags":[],"class_list":["post-10924","post","type-post","status-publish","format-standard","has-post-thumbnail","hentry","category-nacional","category-politica"],"_links":{"self":[{"href":"https:\/\/chaneltodaycancun.com\/index.php\/wp-json\/wp\/v2\/posts\/10924","targetHints":{"allow":["GET"]}}],"collection":[{"href":"https:\/\/chaneltodaycancun.com\/index.php\/wp-json\/wp\/v2\/posts"}],"about":[{"href":"https:\/\/chaneltodaycancun.com\/index.php\/wp-json\/wp\/v2\/types\/post"}],"author":[{"embeddable":true,"href":"https:\/\/chaneltodaycancun.com\/index.php\/wp-json\/wp\/v2\/users\/1"}],"replies":[{"embeddable":true,"href":"https:\/\/chaneltodaycancun.com\/index.php\/wp-json\/wp\/v2\/comments?post=10924"}],"version-history":[{"count":1,"href":"https:\/\/chaneltodaycancun.com\/index.php\/wp-json\/wp\/v2\/posts\/10924\/revisions"}],"predecessor-version":[{"id":10925,"href":"https:\/\/chaneltodaycancun.com\/index.php\/wp-json\/wp\/v2\/posts\/10924\/revisions\/10925"}],"wp:featuredmedia":[{"embeddable":true,"href":"https:\/\/chaneltodaycancun.com\/index.php\/wp-json\/wp\/v2\/media\/10926"}],"wp:attachment":[{"href":"https:\/\/chaneltodaycancun.com\/index.php\/wp-json\/wp\/v2\/media?parent=10924"}],"wp:term":[{"taxonomy":"category","embeddable":true,"href":"https:\/\/chaneltodaycancun.com\/index.php\/wp-json\/wp\/v2\/categories?post=10924"},{"taxonomy":"post_tag","embeddable":true,"href":"https:\/\/chaneltodaycancun.com\/index.php\/wp-json\/wp\/v2\/tags?post=10924"}],"curies":[{"name":"wp","href":"https:\/\/api.w.org\/{rel}","templated":true}]}}