{"id":10945,"date":"2022-09-23T17:15:36","date_gmt":"2022-09-23T22:15:36","guid":{"rendered":"https:\/\/chaneltodaycancun.com\/?p=10945"},"modified":"2022-09-23T22:15:38","modified_gmt":"2022-09-23T22:15:38","slug":"el-sabado-claudia-sheinbaum-estara-de-visita-en-guadalajara","status":"publish","type":"post","link":"https:\/\/chaneltodaycancun.com\/index.php\/2022\/09\/23\/el-sabado-claudia-sheinbaum-estara-de-visita-en-guadalajara\/","title":{"rendered":"El s\u00e1bado Claudia Sheinbaum estar\u00e1 de visita en Guadalajara"},"content":{"rendered":"<h4 class=\"td-post-sub-title\" style=\"text-align: center;\">La jefa de gobierno capitalina impartir\u00e1 la conferencia magistral \u201cPrograma Ambiental y de Cambio Clim\u00e1tico de la CDMX\u201d, a realizarse en el auditorio del Centro Universitario de Tonal\u00e1 de la Universidad de Guadalajara (UdeG)<\/h4>\n<div class=\"td-module-meta-info\">\n<p>La jefa de gobierno de la ciudad de M\u00e9xico y aspirante de Morena a la candidatura presidencial<strong>, Claudia\u00a0Sheinbaum\u00a0Pardo, visitar\u00e1 Guadalajara el fin de semana.\u00a0<\/strong><\/p>\n<p>El s\u00e1bado\u00a0<strong>sostendr\u00e1 una reuni\u00f3n a puerta cerrada con autoridades electas emanadas de Morena<\/strong>, entre ellos alcaldes, diputados y regidores.<\/p>\n<p>Despu\u00e9s, ese mismo s\u00e1bado a las 10:30 encabezar\u00e1 una reuni\u00f3n abierta con simpatizantes, en el vivero San Miguel, situado en L\u00f3pez Mateos Sur 5050, despu\u00e9s de la plaza comercial Punto Sur.<\/p>\n<p>La diputada local de Morena, Mar\u00eda Padilla, explic\u00f3 cu\u00e1l es el motivo de la visita de\u00a0Sheinbaum\u00a0a Jalisco.<\/p>\n<p><em>\u201cSin duda las decisiones que ha tomado ella son buenas, que venga a platicarnos de los buenos gobiernos es algo que enriquece a la gente de Jalisco y por parte de los morenistas es un halago que venga la doctora Claudia\u00a0Sheinbaum, una mujer sumamente preparada a nuestro estado y nos d\u00e9 este tiempo para convivir con nosotros y para convivir con los j\u00f3venes. Creo que est\u00e1 invitada con un grupo de empresarios para platicar con ellos. Muy seguramente ah\u00ed vamos a estar apoyando y platicando\u201d,<\/em>\u00a0relat\u00f3.<\/p>\n<p>Por la tarde, a las 17:00 horas, la jefa de gobierno capitalina impartir\u00e1 la conferencia magistral\u00a0<strong>\u201cPrograma Ambiental y de Cambio Clim\u00e1tico de la CDMX\u201d<\/strong>, a realizarse en el auditorio del Centro Universitario de Tonal\u00e1 de la Universidad de Guadalajara (UdeG).\u00a0<strong>A esta conferencia est\u00e1n invitados j\u00f3venes universitarios de diversas casas de estudios.<\/strong><\/p>\n<\/div>\n","protected":false},"excerpt":{"rendered":"<p>La jefa de gobierno capitalina impartir\u00e1 la conferencia magistral \u201cPrograma Ambiental y de Cambio Clim\u00e1tico&#8230;<\/p>\n","protected":false},"author":1,"featured_media":10947,"comment_status":"open","ping_status":"closed","sticky":false,"template":"","format":"standard","meta":{"footnotes":""},"categories":[37,40],"tags":[],"class_list":["post-10945","post","type-post","status-publish","format-standard","has-post-thumbnail","hentry","category-nacional","category-politica"],"_links":{"self":[{"href":"https:\/\/chaneltodaycancun.com\/index.php\/wp-json\/wp\/v2\/posts\/10945","targetHints":{"allow":["GET"]}}],"collection":[{"href":"https:\/\/chaneltodaycancun.com\/index.php\/wp-json\/wp\/v2\/posts"}],"about":[{"href":"https:\/\/chaneltodaycancun.com\/index.php\/wp-json\/wp\/v2\/types\/post"}],"author":[{"embeddable":true,"href":"https:\/\/chaneltodaycancun.com\/index.php\/wp-json\/wp\/v2\/users\/1"}],"replies":[{"embeddable":true,"href":"https:\/\/chaneltodaycancun.com\/index.php\/wp-json\/wp\/v2\/comments?post=10945"}],"version-history":[{"count":1,"href":"https:\/\/chaneltodaycancun.com\/index.php\/wp-json\/wp\/v2\/posts\/10945\/revisions"}],"predecessor-version":[{"id":10946,"href":"https:\/\/chaneltodaycancun.com\/index.php\/wp-json\/wp\/v2\/posts\/10945\/revisions\/10946"}],"wp:featuredmedia":[{"embeddable":true,"href":"https:\/\/chaneltodaycancun.com\/index.php\/wp-json\/wp\/v2\/media\/10947"}],"wp:attachment":[{"href":"https:\/\/chaneltodaycancun.com\/index.php\/wp-json\/wp\/v2\/media?parent=10945"}],"wp:term":[{"taxonomy":"category","embeddable":true,"href":"https:\/\/chaneltodaycancun.com\/index.php\/wp-json\/wp\/v2\/categories?post=10945"},{"taxonomy":"post_tag","embeddable":true,"href":"https:\/\/chaneltodaycancun.com\/index.php\/wp-json\/wp\/v2\/tags?post=10945"}],"curies":[{"name":"wp","href":"https:\/\/api.w.org\/{rel}","templated":true}]}}