{"id":11062,"date":"2022-09-30T16:19:51","date_gmt":"2022-09-30T21:19:51","guid":{"rendered":"https:\/\/chaneltodaycancun.com\/?p=11062"},"modified":"2022-09-30T21:19:53","modified_gmt":"2022-09-30T21:19:53","slug":"cambio-de-horario-2022-mexico-atrasara-el-reloj-una-hora-para-despedirse-del-horario-de-verano","status":"publish","type":"post","link":"https:\/\/chaneltodaycancun.com\/index.php\/2022\/09\/30\/cambio-de-horario-2022-mexico-atrasara-el-reloj-una-hora-para-despedirse-del-horario-de-verano\/","title":{"rendered":"Cambio de horario 2022: M\u00e9xico atrasar\u00e1 el reloj una hora para despedirse del horario de verano"},"content":{"rendered":"<header class=\"a_e _g _g-xs\">\n<div class=\"a_e_txt _df\">\n<h4 class=\"a_st\" style=\"text-align: center;\">Si la iniciativa para eliminar el horario de verano es aprobada por el Senado, M\u00e9xico retrasar\u00e1 su reloj definitivamente la madrugada del 30 de octubre<\/h4>\n<p class=\"\">M\u00e9xico tiene horario de verano desde 1996, cuando una modificaci\u00f3n a la Ley del Sistema de Horario motivada por un supuesto ahorro energ\u00e9tico y un mejor aprovechamiento de la luz natural oficializ\u00f3 su adopci\u00f3n en la mayor parte del territorio nacional. Desde entonces,\u00a0el reloj se adelanta una hora\u00a0cada primer domingo de abril, una disposici\u00f3n que se prolonga durante casi siete meses, hasta que la hora vuelve a la normalidad la madrugada del \u00faltimo domingo de octubre.<\/p>\n<p class=\"\">A principios de julio, Andr\u00e9s Manuel L\u00f3pez Obrador envi\u00f3 una iniciativa de ley al Congreso para poner fin al horario de verano. Bajo las premisas de que el\u00a0supuesto ahorro energ\u00e9tico\u00a0que trae consigo es inexistente para las familias y la\u00a0incipiente evidencia cient\u00edfica, que sugiere que el cambio de horario incide en problemas cardiovasculares, de memoria, trastornos del sue\u00f1o y otros da\u00f1os a la salud, la propuesta fue aprobada en la C\u00e1mara de Diputados a finales de septiembre. El dictamen ser\u00e1 discutido en el Senado y en caso de aprobarse, M\u00e9xico se despedir\u00e1 definitivamente del horario de verano este mismo oto\u00f1o.<\/p>\n<h3 class=\"\">\u00bfCu\u00e1ndo termina el horario de verano?<\/h3>\n<p class=\"\">Tras siete meses como hora legal, el horario de verano de 2022 terminar\u00e1 la madrugada del domingo 30 de octubre. Oficialmente, el cambio ocurre a las 02.00 de la ma\u00f1ana, cuando el reloj se atrasa una hora. Si la iniciativa actual se consolida en el Senado, este ser\u00e1 el \u00faltimo cambio de hora en M\u00e9xico, que adoptar\u00e1 una hora est\u00e1ndar basada en el horario de invierno. De aprobarse, el nuevo horario provocar\u00eda que, tal y como ocurre de octubre a abril, amanezca y anochezca m\u00e1s temprano durante todo el a\u00f1o.<\/p>\n<h3 class=\"\">Un horario est\u00e1ndar con excepciones<\/h3>\n<p class=\"\">La iniciativa de Ley de los Husos Horarios que pretende\u00a0eliminar el horario de verano\u00a0contempla un horario est\u00e1ndar, mismo que se establecer\u00e1 de acuerdo con las cuatro zonas horarias que rigen actualmente en el pa\u00eds (Centro, Pac\u00edfico, Noroeste y Sureste). Si bien la legislaci\u00f3n actual exime a Sonora y Quintana Roo de participar en el horario de verano por motivos econ\u00f3micos y tur\u00edsticos respectivamente, la nueva propuesta incluye dos excepciones: Baja California y los 33 municipios que integran la frontera norte, que mantendr\u00e1n un cambio de horario empatado con el de Estados Unidos, que ocurre cada marzo y noviembre.<\/p>\n<\/div>\n<\/header>\n<div class=\"a_md _g _g-xs ni\">\n<div class=\"a_md_txt\"><\/div>\n<\/div>\n","protected":false},"excerpt":{"rendered":"<p>Si la iniciativa para eliminar el horario de verano es aprobada por el Senado, M\u00e9xico&#8230;<\/p>\n","protected":false},"author":1,"featured_media":11064,"comment_status":"open","ping_status":"closed","sticky":false,"template":"","format":"standard","meta":{"footnotes":""},"categories":[37],"tags":[],"class_list":["post-11062","post","type-post","status-publish","format-standard","has-post-thumbnail","hentry","category-nacional"],"_links":{"self":[{"href":"https:\/\/chaneltodaycancun.com\/index.php\/wp-json\/wp\/v2\/posts\/11062","targetHints":{"allow":["GET"]}}],"collection":[{"href":"https:\/\/chaneltodaycancun.com\/index.php\/wp-json\/wp\/v2\/posts"}],"about":[{"href":"https:\/\/chaneltodaycancun.com\/index.php\/wp-json\/wp\/v2\/types\/post"}],"author":[{"embeddable":true,"href":"https:\/\/chaneltodaycancun.com\/index.php\/wp-json\/wp\/v2\/users\/1"}],"replies":[{"embeddable":true,"href":"https:\/\/chaneltodaycancun.com\/index.php\/wp-json\/wp\/v2\/comments?post=11062"}],"version-history":[{"count":1,"href":"https:\/\/chaneltodaycancun.com\/index.php\/wp-json\/wp\/v2\/posts\/11062\/revisions"}],"predecessor-version":[{"id":11063,"href":"https:\/\/chaneltodaycancun.com\/index.php\/wp-json\/wp\/v2\/posts\/11062\/revisions\/11063"}],"wp:featuredmedia":[{"embeddable":true,"href":"https:\/\/chaneltodaycancun.com\/index.php\/wp-json\/wp\/v2\/media\/11064"}],"wp:attachment":[{"href":"https:\/\/chaneltodaycancun.com\/index.php\/wp-json\/wp\/v2\/media?parent=11062"}],"wp:term":[{"taxonomy":"category","embeddable":true,"href":"https:\/\/chaneltodaycancun.com\/index.php\/wp-json\/wp\/v2\/categories?post=11062"},{"taxonomy":"post_tag","embeddable":true,"href":"https:\/\/chaneltodaycancun.com\/index.php\/wp-json\/wp\/v2\/tags?post=11062"}],"curies":[{"name":"wp","href":"https:\/\/api.w.org\/{rel}","templated":true}]}}