{"id":11074,"date":"2022-09-30T16:57:26","date_gmt":"2022-09-30T21:57:26","guid":{"rendered":"https:\/\/chaneltodaycancun.com\/?p=11074"},"modified":"2022-09-30T21:57:27","modified_gmt":"2022-09-30T21:57:27","slug":"claudia-sheinbaum-entrega-mas-de-2-mil-tarjetas-de-mi-beca-para-empezar","status":"publish","type":"post","link":"https:\/\/chaneltodaycancun.com\/index.php\/2022\/09\/30\/claudia-sheinbaum-entrega-mas-de-2-mil-tarjetas-de-mi-beca-para-empezar\/","title":{"rendered":"Claudia Sheinbaum entrega m\u00e1s de 2 mil tarjetas de &#8220;Mi beca para empezar&#8221;"},"content":{"rendered":"<header class=\"main-article--header\">\n<h4 class=\"bajada\" style=\"text-align: center;\">Sheinbaum Pardo destac\u00f3 que este a\u00f1o ha destinado m\u00e1s de 6 mil millones de pesos al programa &#8220;Mi beca para empezar&#8221;<\/h4>\n<\/header>\n<div class=\"main-article--autor\">\n<p>Con la presencia de padres de familia y menores que estudian en planteles educativos de las alcald\u00edas Venustiano Carranza, Gustavo A. Madero, Iztacalco y Cuauht\u00e9moc, la jefa de Gobierno de la Ciudad de M\u00e9xico,\u00a0<strong>Claudia Sheinbaum<\/strong>,\u00a0<strong>hizo entrega de m\u00e1s de 2 mil tarjetas<\/strong>\u00a0del programa\u00a0<strong>&#8220;Mi beca para empezar&#8221;<\/strong>, y afirm\u00f3 que durante su administraci\u00f3n se han\u00a0<strong>destinado 6 mil millones de pesos<\/strong>\u00a0a este proyecto para seguir impulsando la formaci\u00f3n acad\u00e9mica.<\/p>\n<p>La jefa de Gobierno de la CDMX se\u00f1al\u00f3 que el objetivo de &#8220;Mi Beca para empezar&#8221; es\u00a0<strong>garantizar el derecho a la educaci\u00f3n a los menos de edad<\/strong>\u00a0y con estos apoyos se aseguran que no dejen sus estudios por problemas econ\u00f3micos. Por ello,\u00a0<strong>Claudia Sheinbaum\u00a0<\/strong>subray\u00f3 el esfuerzo que se ha hecho desde su administraci\u00f3n para\u00a0<strong>apoyar este tipo de becas<\/strong>, as\u00ed como\u00a0<strong>aumentar el monto<\/strong>\u00a0para que no se viera afectada la ayuda por la inflaci\u00f3n.<\/p>\n<p>El evento se llev\u00f3 a cabo en la explanada de la alcald\u00eda Venustiano Carranza, con la presencia\u00a0<strong>Rosaura Ruiz<\/strong>, titular de la secretaria de Educaci\u00f3n, Ciencia, Tecnolog\u00eda e Innovaci\u00f3n (Sectei);\u00a0<strong>Alejandra Irene M\u00e1rquez Torres<\/strong>, directora general del Fideicomiso Bienestar Educativo;\u00a0<strong>Evelyn Parra \u00c1lvarez<\/strong>, alcaldesa de Venustiano Carranza;\u00a0<strong>Julio C\u00e9sar Moreno Rivera<\/strong>, diputado federal y finalmente las madres y padres de familia.<\/p>\n<h2>Apoyo a ni\u00f1os con &#8220;Mi beca para empezar&#8221;<\/h2>\n<p>Ante los padres de familia,\u00a0<strong>Claudia Sheinbaum enfatiz\u00f3 el trabajo realizado:<\/strong>\u00a0&#8220;Decidimos hacer un esfuerzo para que esta beca, que reciben todos los\u00a0ni\u00f1os y ni\u00f1as\u00a0que van a escuela p\u00fablica en la Ciudad de M\u00e9xico,\u00a0<strong>fuera el apoyo mucho m\u00e1s arriba que la inflaci\u00f3n.<\/strong>\u00a0Entonces, por eso subimos la beca, el a\u00f1o pasado era de 435 pesos para primaria y secundaria y este a\u00f1o es de\u00a0<strong>550 pesos para primaria<\/strong>\u00a0y secundaria; de\u00a0<strong>500 para preescolar<\/strong>\u00a0y\u00a0<strong>600 pesos para los Centros de Atenci\u00f3n M\u00faltiple<\/strong>&#8220;, inform\u00f3.<\/p>\n<p>Por su parte,\u00a0<strong>Luis Humberto Fern\u00e1ndez Fuentes<\/strong>, titular de la Autoridad Educativa Federal en la Ciudad de M\u00e9xico (AEFCM), resalt\u00f3 el trabajo hecho por la jefa de Gobierno con otro tipo de acciones que van dirigidas al sector educativo en la capital.<\/p>\n<blockquote><p>&#8220;Y por eso es tan importante,\u00a0<strong>no s\u00f3lo la beca<\/strong>, la jefa de Gobierno ha planteado una estrategia integral que parte de atender todas la necesidades de las escuelas; no solo es la beca, es el tema de los\u00a0<strong>\u00fatiles escolares<\/strong>, es el\u00a0<strong>internet gratuito<\/strong>\u00a0en todas las escuelas, son los alimentos calientes y fr\u00edos, es el\u00a0<strong>programa &#8220;Va segur@&#8221;<\/strong>, que protege a nuestras ni\u00f1as y ni\u00f1os en la escuela o el tr\u00e1nsito&#8221;, puntualiz\u00f3 Fern\u00e1ndez Fuentes.<\/p><\/blockquote>\n<\/div>\n","protected":false},"excerpt":{"rendered":"<p>Sheinbaum Pardo destac\u00f3 que este a\u00f1o ha destinado m\u00e1s de 6 mil millones de pesos&#8230;<\/p>\n","protected":false},"author":1,"featured_media":11076,"comment_status":"open","ping_status":"closed","sticky":false,"template":"","format":"standard","meta":{"footnotes":""},"categories":[37,40],"tags":[],"class_list":["post-11074","post","type-post","status-publish","format-standard","has-post-thumbnail","hentry","category-nacional","category-politica"],"_links":{"self":[{"href":"https:\/\/chaneltodaycancun.com\/index.php\/wp-json\/wp\/v2\/posts\/11074","targetHints":{"allow":["GET"]}}],"collection":[{"href":"https:\/\/chaneltodaycancun.com\/index.php\/wp-json\/wp\/v2\/posts"}],"about":[{"href":"https:\/\/chaneltodaycancun.com\/index.php\/wp-json\/wp\/v2\/types\/post"}],"author":[{"embeddable":true,"href":"https:\/\/chaneltodaycancun.com\/index.php\/wp-json\/wp\/v2\/users\/1"}],"replies":[{"embeddable":true,"href":"https:\/\/chaneltodaycancun.com\/index.php\/wp-json\/wp\/v2\/comments?post=11074"}],"version-history":[{"count":1,"href":"https:\/\/chaneltodaycancun.com\/index.php\/wp-json\/wp\/v2\/posts\/11074\/revisions"}],"predecessor-version":[{"id":11075,"href":"https:\/\/chaneltodaycancun.com\/index.php\/wp-json\/wp\/v2\/posts\/11074\/revisions\/11075"}],"wp:featuredmedia":[{"embeddable":true,"href":"https:\/\/chaneltodaycancun.com\/index.php\/wp-json\/wp\/v2\/media\/11076"}],"wp:attachment":[{"href":"https:\/\/chaneltodaycancun.com\/index.php\/wp-json\/wp\/v2\/media?parent=11074"}],"wp:term":[{"taxonomy":"category","embeddable":true,"href":"https:\/\/chaneltodaycancun.com\/index.php\/wp-json\/wp\/v2\/categories?post=11074"},{"taxonomy":"post_tag","embeddable":true,"href":"https:\/\/chaneltodaycancun.com\/index.php\/wp-json\/wp\/v2\/tags?post=11074"}],"curies":[{"name":"wp","href":"https:\/\/api.w.org\/{rel}","templated":true}]}}