{"id":11083,"date":"2022-10-01T16:21:46","date_gmt":"2022-10-01T21:21:46","guid":{"rendered":"https:\/\/chaneltodaycancun.com\/?p=11083"},"modified":"2022-10-01T21:21:47","modified_gmt":"2022-10-01T21:21:47","slug":"cuando-inicia-el-megapuente-2022-en-mexico-que-se-sabe-quienes-descansan-y-mas","status":"publish","type":"post","link":"https:\/\/chaneltodaycancun.com\/index.php\/2022\/10\/01\/cuando-inicia-el-megapuente-2022-en-mexico-que-se-sabe-quienes-descansan-y-mas\/","title":{"rendered":"Cu\u00e1ndo inicia el Megapuente 2022 en M\u00e9xico: qu\u00e9 se sabe, qui\u00e9nes descansan y m\u00e1s"},"content":{"rendered":"<h4 class=\"sht__summary sht--w-list\" style=\"text-align: center;\">Los d\u00edas libres de este megapuente que se genera en el calendario mexicano no es para todos. Conoce los detalles aqu\u00ed.<\/h4>\n<p class=\"story-contents__font-paragraph \"><b>En\u00a0<\/b><b>M\u00e9xico<\/b><b>, dentro de muy poco, algunos feriados y d\u00edas libres provocar\u00e1n un megapuente para descansar un poco, distraerse en casa o pasarla junto a la familia, dependiendo del gusto de cada uno. Es por ello que en esta detallada nota te brindaremos alcances acerca qu\u00e9 se sabe de esta secuencia de d\u00edas libres del que gozar\u00e1 el pueblo mexicano, qui\u00e9nes podr\u00e1n gozarla, entre otra informaci\u00f3n que es de sumo inter\u00e9s relacionado a esta importante fecha.<\/b><\/p>\n<h2 class=\"story-contents__header\"><u><b>QU\u00c9 SE SABE DEL MEGAPUENTE 2022 DE M\u00c9XICO<\/b><\/u><\/h2>\n<p class=\"story-contents__font-paragraph \">Seg\u00fan la Secretar\u00eda de Educaci\u00f3n P\u00fablica (SEP) 2022-2023 de M\u00e9xico, habr\u00e1 un \u2018Megapuente\u2019 en el onceavo mes del a\u00f1o, debido a la conmemoraci\u00f3n de la\u00a0<b>Revoluci\u00f3n Mexicana<\/b>, adem\u00e1s de una descarga administrativa, por lo que habr\u00e1 un fin de semana largo.<\/p>\n<p class=\"story-contents__font-paragraph \">La conmemoraci\u00f3n de la\u00a0<b>Revoluci\u00f3n Mexicana<\/b>\u00a0es un d\u00eda inh\u00e1bil dentro de la educaci\u00f3n b\u00e1sica en M\u00e9xico; y este 2022 dicho d\u00eda caer\u00e1 en domingo, por lo que el asueto pasar\u00e1 para el lunes 21 de noviembre.<\/p>\n<div class=\"content_gpt_inline\">\n<p class=\"story-contents__font-paragraph \">Es importante por ello recordar que si te toca laborar en d\u00eda inh\u00e1bil marcado como feriado, la Ley Federal del Trabajo, en su art\u00edculo 75, menciona que \u201clos trabajadores quedar\u00e1n obligados a prestar los servicios y tendr\u00e1n derecho a que se les pague, independientemente del salario que les corresponda por el descanso obligatorio, un salario doble por el servicio prestado\u201d.<\/p>\n<h2 class=\"story-contents__header\"><u><b>QUI\u00c9NES DESCANSAN<\/b><\/u><\/h2>\n<p class=\"story-contents__font-paragraph \">El \u2018Megapuente\u2019 de M\u00e9xico se desarrollar\u00e1 desde el viernes 18 de noviembre al lunes 21, por lo que se podr\u00e1 contar con cuatro d\u00edas de descanso. Debemos recordar que el privilegio es solo para el personal afiliado a la Secretar\u00eda de Educaci\u00f3n P\u00fablica, por lo que maestros, estudiantes y personal en general podr\u00e1n gozar de dicho \u201cdescanso\u201d.<\/p>\n<div class=\"content_gpt_caja4\">\n<div id=\"gpt_caja4\" data-ads-name=\"\/28253241\/elcomercio\/web\/post\/respuestas\/caja4\" data-ads-dimensions-m=\"[[300, 100], [320, 50], [300, 50], [320, 100], [300, 250]]\" data-bloque=\"3\" data-prebid-enabled=\"true\"><\/div>\n<\/div>\n<p class=\"story-contents__font-paragraph \">Estos d\u00edas libres para los estudiantes podr\u00e1n ser usados para realizar diversas actividades al aire libre, como por ejemplo, salir de viaje con sus familiares, o por lo contario, permitir\u00e1 que escolares, padres de familia, y personales en general puedan descansar en casa de manera placentera.<\/p>\n<h2 class=\"story-contents__header\"><u><b>QU\u00c9 ES LA REVOLUCI\u00d3N MEXICANA<\/b><\/u><\/h2>\n<p class=\"story-contents__font-paragraph \">La\u00a0<b>Revoluci\u00f3n Mexicana<\/b>\u00a0fue un conflicto armado que se inici\u00f3 en M\u00e9xico el 20 de noviembre de 1910. Los antecedentes del conflicto se remontan a la situaci\u00f3n de M\u00e9xico bajo la dictadura conocida como el porfiriato. Porfirio D\u00edaz ejerci\u00f3 el poder en el pa\u00eds de manera dictatorial desde 1876 hasta 1911.<\/p>\n<p class=\"story-contents__font-paragraph \">El inicio del conflicto armado provoc\u00f3 diferentes acontecimientos, que sin lugar a dudas, el pueblo\u00a0<b>mexicano<\/b>, no podr\u00e1 olvidar. Se logr\u00f3 la renuncia y posterior exilio del presidente Porfirio D\u00edaz, se realiz\u00f3 el establecimiento del Gobierno de Francisco Madero, se dio a cabo la rebeli\u00f3n de Victoriano Huerta, el fusilamiento de Madero, establecimiento de Huerta como presidente, a\u00f1os despu\u00e9s, su derrocamiento, el establecimiento del Gobierno de Venustiano Carranza, la creaci\u00f3n de la Constituci\u00f3n de 1917, la rebeli\u00f3n Zapatista, el asesinato de Carranza y posterior ascenso de \u00c1lvaro Obreg\u00f3n a la presidencia, el asesinato de Pancho Villa y Emiliano Zapata, el inicio del gobierno de Plutarco El\u00edas Calles, el asesinato de Obreg\u00f3n, la creaci\u00f3n del PNR y el comienzo del Maximato.<\/p>\n<\/div>\n","protected":false},"excerpt":{"rendered":"<p>Los d\u00edas libres de este megapuente que se genera en el calendario mexicano no es&#8230;<\/p>\n","protected":false},"author":1,"featured_media":11085,"comment_status":"open","ping_status":"closed","sticky":false,"template":"","format":"standard","meta":{"footnotes":""},"categories":[37],"tags":[],"class_list":["post-11083","post","type-post","status-publish","format-standard","has-post-thumbnail","hentry","category-nacional"],"_links":{"self":[{"href":"https:\/\/chaneltodaycancun.com\/index.php\/wp-json\/wp\/v2\/posts\/11083","targetHints":{"allow":["GET"]}}],"collection":[{"href":"https:\/\/chaneltodaycancun.com\/index.php\/wp-json\/wp\/v2\/posts"}],"about":[{"href":"https:\/\/chaneltodaycancun.com\/index.php\/wp-json\/wp\/v2\/types\/post"}],"author":[{"embeddable":true,"href":"https:\/\/chaneltodaycancun.com\/index.php\/wp-json\/wp\/v2\/users\/1"}],"replies":[{"embeddable":true,"href":"https:\/\/chaneltodaycancun.com\/index.php\/wp-json\/wp\/v2\/comments?post=11083"}],"version-history":[{"count":1,"href":"https:\/\/chaneltodaycancun.com\/index.php\/wp-json\/wp\/v2\/posts\/11083\/revisions"}],"predecessor-version":[{"id":11084,"href":"https:\/\/chaneltodaycancun.com\/index.php\/wp-json\/wp\/v2\/posts\/11083\/revisions\/11084"}],"wp:featuredmedia":[{"embeddable":true,"href":"https:\/\/chaneltodaycancun.com\/index.php\/wp-json\/wp\/v2\/media\/11085"}],"wp:attachment":[{"href":"https:\/\/chaneltodaycancun.com\/index.php\/wp-json\/wp\/v2\/media?parent=11083"}],"wp:term":[{"taxonomy":"category","embeddable":true,"href":"https:\/\/chaneltodaycancun.com\/index.php\/wp-json\/wp\/v2\/categories?post=11083"},{"taxonomy":"post_tag","embeddable":true,"href":"https:\/\/chaneltodaycancun.com\/index.php\/wp-json\/wp\/v2\/tags?post=11083"}],"curies":[{"name":"wp","href":"https:\/\/api.w.org\/{rel}","templated":true}]}}