{"id":11236,"date":"2022-10-09T12:28:05","date_gmt":"2022-10-09T17:28:05","guid":{"rendered":"https:\/\/chaneltodaycancun.com\/?p=11236"},"modified":"2022-10-08T17:28:57","modified_gmt":"2022-10-08T17:28:57","slug":"todos-los-ganadores-del-8-arfecine-festival-internacional-de-cine-religioso-en-buenos-aires","status":"publish","type":"post","link":"https:\/\/chaneltodaycancun.com\/index.php\/2022\/10\/09\/todos-los-ganadores-del-8-arfecine-festival-internacional-de-cine-religioso-en-buenos-aires\/","title":{"rendered":"Todos los ganadores del 8 ARFECINE, Festival Internacional de Cine Religioso en Buenos Aires"},"content":{"rendered":"<h4 style=\"text-align: center;\">Con la proyecci\u00f3n \u2013fuera de Competencia- del film in\u00e9dito en la Argentina, &#8220;L&#8217;adieu \u00e0 la nuit&#8221; del franc\u00e9s Andr\u00e9 T\u00e9chin\u00e9, dio por concluida la 8\u00b0 edici\u00f3n de ARFECINE \u2013 Festival Internacional de Cine Religioso que este a\u00f1o volvi\u00f3 a realizarse de manera presencial y adem\u00e1s tiene un contenido especial Online, que continuar\u00e1 hasta el lunes 10 por www.xiclos.com.<\/h4>\n<div class=\"row justify-content-start d-flex align-items-stretch no-padding no-margin mt-3\">\n<div class=\"col-xs-12 col-sm-12 col-md-12 col-lg-12 col-xl-1 no-padding columna-redes \">\n<div class=\"sticky\">\n<div class=\"noticia-social-share\">\n<p>El Jurado Oficial de la Competencia Internacional de Largometrajes estuvo integrado por la Presidente de la Fundaci\u00f3n Internacional Jorge Luis Borges,\u00a0Mar\u00eda Kodama\u00a0(Argentina), el director de la Revista Criterio,\u00a0Jos\u00e9 Mar\u00eda Poirier\u00a0(Argentina) y el directivo y profesor de la Universidad de Olomucs,\u00a0Daniel Nemrava\u00a0(Rep\u00fablica Checa).<\/p>\n<p>Por unanimidad resolvieron elegir como Mejor Film del Festival a la pel\u00edcula\u00a0<strong>El Joven Ahmed\u00a0<\/strong>(B\u00e9lgica-Francia) dirigida por los hermanos\u00a0Jean-Pierre Dardenne\u00a0y\u00a0Luc Dardenne, recibiendo el galard\u00f3n el distribuidor de la pel\u00edcula en la Argentina,\u00a0Carlos Zumbo. Como justificaci\u00f3n de este premio el se\u00f1or Poirier dijo que\u00a0<em>\u201cDesde la mirada de este joven adolescente se ven la manipulaci\u00f3n y el extremismo religiosos y, c\u00f3mo estos elementos, a\u00fan en las m\u00e1s grandes religiones, deshumanizan al punto de poner en segundo orden la vida misma. Con elementos visuales y sonoros excelentes se construye un relato emocionante y vital en la piel de un joven actor que asume y capta el centro de la historia\u201d. \u00a0<\/em><\/p>\n<p>Por su parte la Menci\u00f3n Especial del Jurado a la Direcci\u00f3n fue para\u00a0Fran\u00e7ois Ozon\u00a0por el film\u00a0<strong>Por Gracia de Dios\u00a0<\/strong>(Francia en coproducci\u00f3n con B\u00e9lgica). Y finalmente la Menci\u00f3n Especial del Jurado al Mejor Gui\u00f3n fue para la argentina\u00a0<strong>Reformadores<\/strong>\u00a0de\u00a0Marina Zeising, quien adem\u00e1s de directora fue la adaptadora del guion original\u00a0<strong>El buen pastor<\/strong>\u00a0de\u00a0Fernando Mazas.<\/p>\n<div class=\"adserver-zonas-noticias\" data-index=\"2\"><\/div>\n<p>Por otro lado el Jurado Oficial de la Competencia Internacional de Cortometrajes estuvo formado por\u00a0Fernando Goldsman\u00a0(Director del Festival de Cine Jud\u00edo de Punta del Este, Uruguay),\u00a0Fabi\u00e1n Sancho\u00a0(Director del Festival de Cine Inusual, Argentina) y la cr\u00edtica y cortometrajista\u00a0Lorena Cancela\u00a0(Argentina). El galard\u00f3n al Mejor Cortometraje del Festival recay\u00f3 en\u00a0<strong>Las Divas de Taguerabt\u00a0<\/strong>(Francia-Argelia) dirigida por el argelino Karim Moussaoui.<\/p>\n<\/div>\n<\/div>\n<\/div>\n<\/div>\n","protected":false},"excerpt":{"rendered":"<p>Con la proyecci\u00f3n \u2013fuera de Competencia- del film in\u00e9dito en la Argentina, &#8220;L&#8217;adieu \u00e0 la&#8230;<\/p>\n","protected":false},"author":1,"featured_media":11238,"comment_status":"open","ping_status":"closed","sticky":false,"template":"","format":"standard","meta":{"footnotes":""},"categories":[47,34,36],"tags":[],"class_list":["post-11236","post","type-post","status-publish","format-standard","has-post-thumbnail","hentry","category-cultural","category-espectaculos","category-internacional"],"_links":{"self":[{"href":"https:\/\/chaneltodaycancun.com\/index.php\/wp-json\/wp\/v2\/posts\/11236","targetHints":{"allow":["GET"]}}],"collection":[{"href":"https:\/\/chaneltodaycancun.com\/index.php\/wp-json\/wp\/v2\/posts"}],"about":[{"href":"https:\/\/chaneltodaycancun.com\/index.php\/wp-json\/wp\/v2\/types\/post"}],"author":[{"embeddable":true,"href":"https:\/\/chaneltodaycancun.com\/index.php\/wp-json\/wp\/v2\/users\/1"}],"replies":[{"embeddable":true,"href":"https:\/\/chaneltodaycancun.com\/index.php\/wp-json\/wp\/v2\/comments?post=11236"}],"version-history":[{"count":1,"href":"https:\/\/chaneltodaycancun.com\/index.php\/wp-json\/wp\/v2\/posts\/11236\/revisions"}],"predecessor-version":[{"id":11237,"href":"https:\/\/chaneltodaycancun.com\/index.php\/wp-json\/wp\/v2\/posts\/11236\/revisions\/11237"}],"wp:featuredmedia":[{"embeddable":true,"href":"https:\/\/chaneltodaycancun.com\/index.php\/wp-json\/wp\/v2\/media\/11238"}],"wp:attachment":[{"href":"https:\/\/chaneltodaycancun.com\/index.php\/wp-json\/wp\/v2\/media?parent=11236"}],"wp:term":[{"taxonomy":"category","embeddable":true,"href":"https:\/\/chaneltodaycancun.com\/index.php\/wp-json\/wp\/v2\/categories?post=11236"},{"taxonomy":"post_tag","embeddable":true,"href":"https:\/\/chaneltodaycancun.com\/index.php\/wp-json\/wp\/v2\/tags?post=11236"}],"curies":[{"name":"wp","href":"https:\/\/api.w.org\/{rel}","templated":true}]}}