{"id":11356,"date":"2022-10-15T19:33:53","date_gmt":"2022-10-16T00:33:53","guid":{"rendered":"https:\/\/chaneltodaycancun.com\/?p=11356"},"modified":"2022-10-15T00:35:31","modified_gmt":"2022-10-15T00:35:31","slug":"recibe-veracruzano-premio-internacional-de-medicina-estetica-en-la-cdmx","status":"publish","type":"post","link":"https:\/\/chaneltodaycancun.com\/index.php\/2022\/10\/15\/recibe-veracruzano-premio-internacional-de-medicina-estetica-en-la-cdmx\/","title":{"rendered":"Recibe veracruzano premio internacional de medicina est\u00e9tica en la CDMX"},"content":{"rendered":"<h4 class=\"padbot10 RobBLK11\" style=\"text-align: center;\" data-id=\"cien\">El veracruzano Marco Antonio Conde recibi\u00f3 reconocimiento internacional en CDMX por sus logros en la medicina est\u00e9tica.<\/h4>\n<p>Reconocen al\u00a0<strong>doctor veracruzano<\/strong>,\u00a0<strong>Marco Antonio Conde P\u00e9rez<\/strong>\u00a0por su\u00a0<strong>labor\u00a0<\/strong>en pro de la\u00a0<strong>Medicina Est\u00e9tica de M\u00e9xico<\/strong>, en el marco del &#8220;8\u00ba Congreso Internacional de Medicina Est\u00e9tica, Antienvejecimiento, Longevidad y Medicina Regenerativa&#8221;.<\/p>\n<p>El Congreso Internacional es organizado por el Colegio de Profesionales en Medicina Est\u00e9tica A.C., y se realiza en la Ciudad de M\u00e9xico, los d\u00edas 14 y 15 de octubre.<\/p>\n<p>Conde P\u00e9rez, Rector y fundador de la\u00a0<strong>Universidad del Conde<\/strong>\u00a0y del Instituto de Estudios Superiores en Medicina, fue galardonado por los logros obtenidos en bienestar de todo el gremio m\u00e9dico en las \u00e1reas de la Medicina y la Cirug\u00eda Est\u00e9tica del Pa\u00eds.<\/p>\n<p>Adem\u00e1s, la comunidad m\u00e9dica agradeci\u00f3 a la\u00a0<strong>Universidad del Conde<\/strong>\u00a0por los miles de m\u00e9dicos que han encontrado en la instituci\u00f3n la oportunidad de estudiar un\u00a0<strong>posgrado en Medicina Est\u00e9tica<\/strong>.<\/p>\n<p>&#8220;Buscamos que los M\u00e9dicos tengan un espacio para aprender, creo que eso no es nada malo, creo que todo ser humano tiene derecho a la educaci\u00f3n y m\u00e1s los m\u00e9dicos, necesitamos estar actualizados d\u00eda con d\u00eda. En mi carrera he logrado formar m\u00e1s de mil quinientos m\u00e9dicos est\u00e9ticos, pero tambi\u00e9n me ha tocado formar dos colegios Federales avalados por la Direcci\u00f3n General de Profesiones y 28 Colegios Estatales avalados por la misma Direcci\u00f3n General de Profesiones, precisamente para que puedan tener esos m\u00e9dicos la certificaci\u00f3n y la validez oficial&#8221;, resalt\u00f3 el rector.<\/p>\n<p>Los asistentes reconocieron a\u00a0<strong>Marco Antonio Conde P\u00e9rez<\/strong>\u00a0como un innovador y precursor de la medicina est\u00e9tica en M\u00e9xico con antecedentes profesionales que tienen repercusi\u00f3n tanto en el pa\u00eds como en el extranjero, Estados Unidos y Europa.<\/p>\n<p>El tambi\u00e9n Presidente del Cluster de Turismo M\u00e9dico, ha impulsado a la profesionalizaci\u00f3n de los cirujanos est\u00e9ticos mexicanos lo que ha propiciado a que cada vez lleguen al pa\u00eds pacientes del extranjero, para hacerse tratamientos de calidad.<\/p>\n<p>En el marco del Congreso, se dio a conocer que pr\u00f3ximamente la zona conurbada Veracruz-Boca del R\u00edo, una vez m\u00e1s, ser\u00e1 sede del Congreso Internacional de Medicina y Cirug\u00eda Est\u00e9tica.<\/p>\n<p>En este evento se espera la presencia de los m\u00e1s destacados m\u00e9dicos, con una cifra confirmada de cerca de 2 mil m\u00e9dicos de todo el pa\u00eds.<\/p>\n<p>Conde se mostr\u00f3 por dem\u00e1s complacido de promover este tipo de Congresos que adem\u00e1s contribuyen a la reactivaci\u00f3n econ\u00f3mica del Estado de Veracruz.<\/p>\n","protected":false},"excerpt":{"rendered":"<p>El veracruzano Marco Antonio Conde recibi\u00f3 reconocimiento internacional en CDMX por sus logros en la&#8230;<\/p>\n","protected":false},"author":1,"featured_media":11358,"comment_status":"open","ping_status":"closed","sticky":false,"template":"","format":"standard","meta":{"footnotes":""},"categories":[37,50],"tags":[],"class_list":["post-11356","post","type-post","status-publish","format-standard","has-post-thumbnail","hentry","category-nacional","category-salud"],"_links":{"self":[{"href":"https:\/\/chaneltodaycancun.com\/index.php\/wp-json\/wp\/v2\/posts\/11356","targetHints":{"allow":["GET"]}}],"collection":[{"href":"https:\/\/chaneltodaycancun.com\/index.php\/wp-json\/wp\/v2\/posts"}],"about":[{"href":"https:\/\/chaneltodaycancun.com\/index.php\/wp-json\/wp\/v2\/types\/post"}],"author":[{"embeddable":true,"href":"https:\/\/chaneltodaycancun.com\/index.php\/wp-json\/wp\/v2\/users\/1"}],"replies":[{"embeddable":true,"href":"https:\/\/chaneltodaycancun.com\/index.php\/wp-json\/wp\/v2\/comments?post=11356"}],"version-history":[{"count":1,"href":"https:\/\/chaneltodaycancun.com\/index.php\/wp-json\/wp\/v2\/posts\/11356\/revisions"}],"predecessor-version":[{"id":11357,"href":"https:\/\/chaneltodaycancun.com\/index.php\/wp-json\/wp\/v2\/posts\/11356\/revisions\/11357"}],"wp:featuredmedia":[{"embeddable":true,"href":"https:\/\/chaneltodaycancun.com\/index.php\/wp-json\/wp\/v2\/media\/11358"}],"wp:attachment":[{"href":"https:\/\/chaneltodaycancun.com\/index.php\/wp-json\/wp\/v2\/media?parent=11356"}],"wp:term":[{"taxonomy":"category","embeddable":true,"href":"https:\/\/chaneltodaycancun.com\/index.php\/wp-json\/wp\/v2\/categories?post=11356"},{"taxonomy":"post_tag","embeddable":true,"href":"https:\/\/chaneltodaycancun.com\/index.php\/wp-json\/wp\/v2\/tags?post=11356"}],"curies":[{"name":"wp","href":"https:\/\/api.w.org\/{rel}","templated":true}]}}