{"id":11407,"date":"2022-10-18T15:56:52","date_gmt":"2022-10-18T20:56:52","guid":{"rendered":"https:\/\/chaneltodaycancun.com\/?p=11407"},"modified":"2022-10-18T20:56:55","modified_gmt":"2022-10-18T20:56:55","slug":"cuando-termina-el-horario-de-verano-en-mexico","status":"publish","type":"post","link":"https:\/\/chaneltodaycancun.com\/index.php\/2022\/10\/18\/cuando-termina-el-horario-de-verano-en-mexico\/","title":{"rendered":"\u00bfCu\u00e1ndo termina el horario de verano en M\u00e9xico?"},"content":{"rendered":"<div class=\"jsx-1778878049 \">\n<h4 style=\"text-align: center;\">De 2001 a la fecha se han presentado m\u00e1s de 40 iniciativas para eliminar el horario de verano, pero todas han sido descartadas.<\/h4>\n<\/div>\n<div class=\"jsx-1921398030 newsbody\">\n<div class=\"jsx-670345696 share fixed\">\n<div class=\"jsx-670345696 \">\n<p class=\"jsx-3954459878\">El\u00a0<strong>horario de verano de 2022<\/strong>\u00a0termina el\u00a0<strong>domingo 30 de octubre<\/strong>, el cambio de horario se realiza a las 2:00 horas de la madrugada, cuando el reloj se atrasa una hora provocando que amanezca y anochezca antes, respecto al horario de verano.<\/p>\n<p class=\"jsx-3954459878 fi-aic_250\">El\u00a0<strong>horario de verano en M\u00e9xico<\/strong>\u00a0se estableci\u00f3 en 1996, con el argumento de ahorrar energ\u00eda y aprovechar de mejor forma la luz del sol. El primer domingo de abril marca el inicio del horario de verano, el reloj se retrasa una hora y permanece as\u00ed hasta el \u00faltimo domingo de octubre, cuando la hora se ajusta al horario normal.<\/p>\n<h2 class=\"jsx-1282840227\">\u00bfC\u00f3mo va el proceso para eliminar el horario de verano en M\u00e9xico?<\/h2>\n<p class=\"jsx-3954459878\">En junio pasado, el presidente<strong>\u00a0Andr\u00e9s Manuel L\u00f3pez Obrador<\/strong>\u00a0propuso una iniciativa a la\u00a0<strong>Ley de Husos Horarios<\/strong>, con el objetivo de\u00a0eliminar la implementaci\u00f3n del horario de verano en M\u00e9xico. El 29 de septiembre la C\u00e1mara de Diputados\u00a0aprob\u00f3\u00a0dicha propuesta pero<strong>\u00a0su discusi\u00f3n en el Senado a\u00fan est\u00e1 pendiente<\/strong>.<\/p>\n<p class=\"jsx-3954459878\">El mandatario argument\u00f3 que el horario de verano tiene 71% de rechazo y 29% de aceptaci\u00f3n, de acuerdo con una encuesta popular que realiz\u00f3 la Segob. Adem\u00e1s de un bajo ahorro energ\u00e9tico por lo que \u201cno se justifican las afectaciones a la salud y a la vida cotidiana de las personas por el escaso ahorro de energ\u00eda que ha implicado la imposici\u00f3n del horario de verano\u201d, explica un\u00a0documento oficial sobre la iniciativa.<\/p>\n<p class=\"jsx-3954459878\">Esta modificaci\u00f3n no tendr\u00e1 efecto en todo el territorio nacional, en municipios de la franja fronteriza se aplicar\u00e1 el horario estacional para no afectar las relaciones con Estados Unidos.<\/p>\n<p class=\"jsx-3954459878 fi-aic_250\">De 2001 a la fecha se han presentado m\u00e1s de 40 iniciativas para eliminar el horario de verano, pero todas han sido descartadas.<\/p>\n<p class=\"jsx-3954459878\">En Estados Unidos hay una iniciativa similar que fue enviada el pasado 15 de marzo al Congreso pero esta busca convertir al horario de verano en el horario est\u00e1ndar y eliminar el de invierno, de aprobarse podr\u00eda entrar en vigor en noviembre de 2023.<\/p>\n<p class=\"jsx-3954459878\">En 2018 el Parlamento Europeo vot\u00f3 a favor de eliminar el cambio de hora dos veces al a\u00f1o. Una encuesta realizada a 4.6 millones de ciudadanos de la Uni\u00f3n Europea revel\u00f3 el apoyo a su eliminaci\u00f3n. La propuesta qued\u00f3 pendiente por la pandemia del Covid-19.<\/p>\n<\/div>\n<\/div>\n<div class=\"jsx-1921398030\">\n<div>\n<div data-luna-player=\"\" data-luna-player-lang=\"es\" data-luna-player-post=\"https:\/\/www.eleconomista.com.mx\/politica\/Cuando-se-acaba-el-horario-de-verano-en-Mexico-2022-20221017-0130.html\">\n<div class=\"player_wrapper big\">\n<div class=\"player_container\">\n<div class=\"player_container_main\">\n<div class=\"player_controll_btn not_playing\">\n<div class=\"play\"><\/div>\n<\/div>\n<div class=\"player_track_content\">\n<div class=\"player_track_content__header\"><\/div>\n<\/div>\n<\/div>\n<\/div>\n<\/div>\n<\/div>\n<\/div>\n<\/div>\n<\/div>\n","protected":false},"excerpt":{"rendered":"<p>De 2001 a la fecha se han presentado m\u00e1s de 40 iniciativas para eliminar el&#8230;<\/p>\n","protected":false},"author":1,"featured_media":11409,"comment_status":"open","ping_status":"closed","sticky":false,"template":"","format":"standard","meta":{"footnotes":""},"categories":[37],"tags":[],"class_list":["post-11407","post","type-post","status-publish","format-standard","has-post-thumbnail","hentry","category-nacional"],"_links":{"self":[{"href":"https:\/\/chaneltodaycancun.com\/index.php\/wp-json\/wp\/v2\/posts\/11407","targetHints":{"allow":["GET"]}}],"collection":[{"href":"https:\/\/chaneltodaycancun.com\/index.php\/wp-json\/wp\/v2\/posts"}],"about":[{"href":"https:\/\/chaneltodaycancun.com\/index.php\/wp-json\/wp\/v2\/types\/post"}],"author":[{"embeddable":true,"href":"https:\/\/chaneltodaycancun.com\/index.php\/wp-json\/wp\/v2\/users\/1"}],"replies":[{"embeddable":true,"href":"https:\/\/chaneltodaycancun.com\/index.php\/wp-json\/wp\/v2\/comments?post=11407"}],"version-history":[{"count":1,"href":"https:\/\/chaneltodaycancun.com\/index.php\/wp-json\/wp\/v2\/posts\/11407\/revisions"}],"predecessor-version":[{"id":11408,"href":"https:\/\/chaneltodaycancun.com\/index.php\/wp-json\/wp\/v2\/posts\/11407\/revisions\/11408"}],"wp:featuredmedia":[{"embeddable":true,"href":"https:\/\/chaneltodaycancun.com\/index.php\/wp-json\/wp\/v2\/media\/11409"}],"wp:attachment":[{"href":"https:\/\/chaneltodaycancun.com\/index.php\/wp-json\/wp\/v2\/media?parent=11407"}],"wp:term":[{"taxonomy":"category","embeddable":true,"href":"https:\/\/chaneltodaycancun.com\/index.php\/wp-json\/wp\/v2\/categories?post=11407"},{"taxonomy":"post_tag","embeddable":true,"href":"https:\/\/chaneltodaycancun.com\/index.php\/wp-json\/wp\/v2\/tags?post=11407"}],"curies":[{"name":"wp","href":"https:\/\/api.w.org\/{rel}","templated":true}]}}