{"id":11545,"date":"2022-10-24T17:38:20","date_gmt":"2022-10-24T22:38:20","guid":{"rendered":"https:\/\/chaneltodaycancun.com\/?p=11545"},"modified":"2022-10-24T22:38:22","modified_gmt":"2022-10-24T22:38:22","slug":"quien-es-claudia-sheinbaum-la-jefa-de-gobierno-que-quiere-ser-presidenta","status":"publish","type":"post","link":"https:\/\/chaneltodaycancun.com\/index.php\/2022\/10\/24\/quien-es-claudia-sheinbaum-la-jefa-de-gobierno-que-quiere-ser-presidenta\/","title":{"rendered":"\u00bfQui\u00e9n es Claudia Sheinbaum, la jefa de gobierno que quiere ser presidenta?"},"content":{"rendered":"<h4 class=\"BlocksPage-subHeadline\" style=\"text-align: center;\">Claudia Sheinbaum est\u00e1 entre los aspirantes a la presidencia en el 2024. Conoce la trayectoria de la jefa de gobierno.<\/h4>\n<div class=\"AuthorBar\">\n<p><b>Claudia Sheinbaum Pardo<\/b>, jefa de gobierno de la Ciudad de M\u00e9xico, es una de las aspirantes de Morena<b>\u00a0<\/b>que busca la\u00a0<b>candidatura presidencial en 2024<\/b>.<\/p>\n<div id=\"dailymotion-instance-4b1341d6-17ee-0575-05e8-53c361c3869a\" class=\"dailymotion-player-root dailymotion-player-x9k64\">\n<div class=\"mainWrap\">\n<div class=\"BlocksPage-mainHead\">\n<div class=\"BlockWrap\">\n<article class=\"first-block\">Sheinbaum, fundadora de Morena y defensora de la \u201cCuarta Transformaci\u00f3n\u201d, es una de las figuras m\u00e1s importantes del movimiento y con posibilidades de suceder al presidente Andr\u00e9s Manuel L\u00f3pez Obrador.<\/p>\n<\/article>\n<\/div>\n<\/div>\n<\/div>\n<div class=\"BlocksPage-main\" data-modulewell=\"\">\n<div class=\"blocks\">\n<div class=\"first-block-below\"><\/div>\n<div class=\"GoogleDfpAd-wrap\" data-module=\"\">\n<div id=\"ad-intext-0\">\n<div id=\"browsi_adWrapper_ai_500_ati_1_rc_0\">\n<h2 class=\"cms-Subtitulos-Subtitulo1\">\u00bfQui\u00e9n es Claudia Sheinbaum Pardo?<\/h2>\n<p><b>Cargo:<\/b>\u00a0Jefa de gobierno de la CDMX<br \/>\n<b>Edad:<\/b>\u00a060 a\u00f1os<\/p>\n<h2 class=\"cms-Subtitulos-Subtitulo1\">Familia<\/h2>\n<p><b>Estado civil:\u00a0<\/b>Divorciada de Carlos Imaz, fundador del PRD. Actualmente mantiene una relaci\u00f3n sentimental con\u00a0<b>Jes\u00fas Mar\u00eda Tarriba Unger,<\/b>\u00a0un doctor en ciencia f\u00edsica por la UNAM y analista de riesgos financieros en el Banco de M\u00e9xico.<br \/>\n<b>Hijos: Mariana Imaz Sheinbaum<\/b>\u00a0y\u00a0<b>Rodrigo Imaz Sheinbaum.<\/b><\/p>\n<h2 class=\"cms-Subtitulos-Subtitulo1\">Biograf\u00eda de Sheinbaum<\/h2>\n<p>Claudia Sheinbaum Pardo\u00a0<b>naci\u00f3 el 24 de junio de 1962\u00a0<\/b>en la Ciudad de M\u00e9xico; tiene ascendencia jud\u00eda; sus abuelos migraron de Lituania y Bulgaria.<\/p>\n<p>Es hija del qu\u00edmico\u00a0<b>Carlos Sheinbaum Yoselevitz\u00a0<\/b>y de la bi\u00f3loga<b>\u00a0Annie Pardo Cemo<\/b>, ambos participantes del movimiento estudiantil de 1968.<\/p>\n<p>Su primaria la curs\u00f3 en la escuela privada Manuel Bartolom\u00e9 Coss\u00edo en Tlalpan, misma instituci\u00f3n en la que estudi\u00f3 Jes\u00fas, el hijo menor del presidente Andr\u00e9s Manuel L\u00f3pez Obrador. Su bachillerato lo hizo en el Colegio de Ciencias y Humanidades (CCH) Sur y particip\u00f3 en el movimiento estudiantil de 1986 a 1987.<\/p>\n<p>En febrero de 1989 obtuvo su t\u00edtulo universitario como\u00a0<b>licenciada F\u00edsica por la UNAM\u00a0<\/b>con la tesis: \u201cEstudio Termodin\u00e1mico de una Estufa de Le\u00f1a para una Comunidad Rural en M\u00e9xico\u201d.<\/p>\n<p>En 1990 arranc\u00f3 la maestr\u00eda en ingenier\u00eda energ\u00e9tica en la UNAM y en 1994 obtuvo su doctorado en el mismo rubro.<\/p>\n<p>Estuvo casada con<b>\u00a0Carlos Imaz,<\/b>\u00a0fundador del Partido de la Revoluci\u00f3n Democr\u00e1tica (PRD) y exjefe delegacional de Tlapan, relaci\u00f3n que dur\u00f3 30 a\u00f1os y que dej\u00f3 dos hijos: Mariana Imaz Sheinbaum y Rodrigo Imaz Alarc\u00f3n.<\/p>\n<h2 class=\"cms-Subtitulos-Subtitulo1\">Sus estudios<\/h2>\n<p>Estudi\u00f3 F\u00edsica en la UNAM. Es maestra y doctora en Ingenier\u00eda en Energ\u00eda.<\/p>\n<h2 class=\"cms-Subtitulos-Subtitulo1\">Curr\u00edculum<\/h2>\n<p>Su primer cargo en la administraci\u00f3n p\u00fablica fue con Andr\u00e9s Manuel L\u00f3pez Obrador. En el 2000 se convirti\u00f3 en secretaria de Medio Ambiente de la Ciudad de M\u00e9xico, cargo que dej\u00f3 en 2006 para convertirse en vocera de la campa\u00f1a presidencial de AMLO. En la elecci\u00f3n de 2012, L\u00f3pez Obrador le propuso encargarse de la pol\u00edtica ambiental a nivel nacional, en caso de que \u00e9l ganara. Adem\u00e1s, fue parte activa de la conformaci\u00f3n de Morena en el 2014, que posteriormente se convirti\u00f3 en el partido pol\u00edtico con el que gan\u00f3 la delegaci\u00f3n Tlalpan en las elecciones de 2015. Coordin\u00f3 tambi\u00e9n el tema de gobierno y pol\u00edtica para la elaboraci\u00f3n del Proyecto de Naci\u00f3n 2018-2024 de L\u00f3pez Obrador. Actualmente es jefa de gobierno de la Ciudad de M\u00e9xico para el periodo 2018-2024.<\/p>\n<div class=\"BlocksArticleBody-items block BlockWrap\">\n<article id=\"block-0\" class=\"BlocksArticleFirstItem\">\n<div class=\"BlocksArticleFirstItem-body\">\n<h2 class=\"cms-Subtitulos-Subtitulo1\">Lo que presume<\/h2>\n<p>Sheinbaum fue una de las militantes de Morena que arrebat\u00f3 al PRD cinco delegaciones de la Ciudad de M\u00e9xico en la elecci\u00f3n de 2015, un a\u00f1o despu\u00e9s de que se cre\u00f3 el partido. Entre sus credenciales presume su trayectoria como cient\u00edfica y como secretaria de Medio Ambiente en la gesti\u00f3n de L\u00f3pez Obrador. En 2018 tambi\u00e9n le gan\u00f3 al PRD la Jefatura de gobierno capitalina y se convirti\u00f3 as\u00ed en la\u00a0<b>primera mujer electa para el cargo.<\/b><\/p>\n<\/div>\n<\/article>\n<\/div>\n<div class=\"BlocksArticleBody-items block BlockWrap\">\n<article id=\"block-1\" class=\"BlocksArticleFirstItem\">\n<div class=\"BlocksArticleFirstItem-body\">\n<p>Los cuestionamientos que ha enfrentado han sido por su matrimonio con<b>\u00a0Carlos Imaz,\u00a0<\/b>quien fue acusado de recibir dinero del empresario Carlos Ahumada en 2004; sin embargo, ella ha dicho a medios que se separaron de mutuo acuerdo en 2016. Ya al frente de la delegaci\u00f3n, se enfrent\u00f3 a se\u00f1alamientos por el incremento de la inseguridad: explic\u00f3 entonces que esa problem\u00e1tica no era competencia de la delegaci\u00f3n, por lo que pidi\u00f3 al jefe de gobierno incrementar la presencia policial. Despu\u00e9s del sismo del 19 de septiembre, fue cuestionada por las anomal\u00edas en la construcci\u00f3n del Colegio Enrique R\u00e9bsamen, edificio que se derrumb\u00f3 y provoc\u00f3 la muerte de 26 personas.<\/p>\n<p>Como jefa de gobierno se ha enfrentado a varias pol\u00e9micas, como las acusaciones por la falta de mantenimiento al Metro de la Ciudad de M\u00e9xico, luego del\u00a0<b>desplome de dos vagones de la L\u00ednea 12 del Metro<\/b>, el 3 de mayo de 2021, que dej\u00f3 26 personas sin vida y 96 heridas.<\/p>\n<\/div>\n<\/article>\n<\/div>\n<\/div>\n<\/div>\n<\/div>\n<\/div>\n<\/div>\n<\/div>\n<\/div>\n<div class=\"BlocksPage-bar\">\n<h2 class=\"cms-Subtitulos-Subtitulo1\">Lo que tal vez no sab\u00edas de Claudia Sheinbaum<\/h2>\n<ul>\n<li>Durante sus estudios en primaria y secundaria\u00a0<b>siempre sac\u00f3 buenas calificaciones en matem\u00e1ticas.<\/b><\/li>\n<li>Los ni\u00f1os son su pasi\u00f3n. Claudia Sheinbaum siempre se toma el tiempo para saludar y platicar con todo ni\u00f1o que se le acerca.<\/li>\n<li>Sabe tocar la guitarra desde ni\u00f1a, as\u00ed lo ha demostrado en videos que comparte en redes sociales.<\/li>\n<li><b>Estudi\u00f3 ballet<\/b>, disciplina adquirida en su ni\u00f1ez y adolescencia.<\/li>\n<li>Renta un departamento en una unidad habitacional de la alcald\u00eda Tlalpan desde hace cinco a\u00f1os.<\/li>\n<li>Sheinbaum ha mostrado su afici\u00f3n al f\u00fatbol; le va a los Pumas de la UNAM.<\/li>\n<li>Laura Restrepo, Gabriel Garc\u00eda M\u00e1rquez, Rosa Montero e Isabel Allende son sus escritoras favoritas.<\/li>\n<li>\u00bfTatuajes? S\u00ed,\u00a0<b>Sheinbaum tiene una discreta flor en su tobillo izquierdo<\/b>\u00a0y unas peque\u00f1as mariposas en su espalda.<\/li>\n<li>Claudia Sheinbaum acept\u00f3 haber fumado marihuana en su \u00e9poca universitaria, incluso se ha manifestado a favor de su regulaci\u00f3n.<\/li>\n<\/ul>\n<\/div>\n","protected":false},"excerpt":{"rendered":"<p>Claudia Sheinbaum est\u00e1 entre los aspirantes a la presidencia en el 2024. Conoce la trayectoria&#8230;<\/p>\n","protected":false},"author":1,"featured_media":11547,"comment_status":"open","ping_status":"closed","sticky":false,"template":"","format":"standard","meta":{"footnotes":""},"categories":[37,40],"tags":[],"class_list":["post-11545","post","type-post","status-publish","format-standard","has-post-thumbnail","hentry","category-nacional","category-politica"],"_links":{"self":[{"href":"https:\/\/chaneltodaycancun.com\/index.php\/wp-json\/wp\/v2\/posts\/11545","targetHints":{"allow":["GET"]}}],"collection":[{"href":"https:\/\/chaneltodaycancun.com\/index.php\/wp-json\/wp\/v2\/posts"}],"about":[{"href":"https:\/\/chaneltodaycancun.com\/index.php\/wp-json\/wp\/v2\/types\/post"}],"author":[{"embeddable":true,"href":"https:\/\/chaneltodaycancun.com\/index.php\/wp-json\/wp\/v2\/users\/1"}],"replies":[{"embeddable":true,"href":"https:\/\/chaneltodaycancun.com\/index.php\/wp-json\/wp\/v2\/comments?post=11545"}],"version-history":[{"count":1,"href":"https:\/\/chaneltodaycancun.com\/index.php\/wp-json\/wp\/v2\/posts\/11545\/revisions"}],"predecessor-version":[{"id":11546,"href":"https:\/\/chaneltodaycancun.com\/index.php\/wp-json\/wp\/v2\/posts\/11545\/revisions\/11546"}],"wp:featuredmedia":[{"embeddable":true,"href":"https:\/\/chaneltodaycancun.com\/index.php\/wp-json\/wp\/v2\/media\/11547"}],"wp:attachment":[{"href":"https:\/\/chaneltodaycancun.com\/index.php\/wp-json\/wp\/v2\/media?parent=11545"}],"wp:term":[{"taxonomy":"category","embeddable":true,"href":"https:\/\/chaneltodaycancun.com\/index.php\/wp-json\/wp\/v2\/categories?post=11545"},{"taxonomy":"post_tag","embeddable":true,"href":"https:\/\/chaneltodaycancun.com\/index.php\/wp-json\/wp\/v2\/tags?post=11545"}],"curies":[{"name":"wp","href":"https:\/\/api.w.org\/{rel}","templated":true}]}}