{"id":11584,"date":"2022-10-26T16:58:22","date_gmt":"2022-10-26T21:58:22","guid":{"rendered":"https:\/\/chaneltodaycancun.com\/?p=11584"},"modified":"2022-10-26T21:58:24","modified_gmt":"2022-10-26T21:58:24","slug":"claudia-sheinbaum-llama-a-defender-la-4t-lo-mas-importante-es-poner-el-proyecto-por-encima-de-todo","status":"publish","type":"post","link":"https:\/\/chaneltodaycancun.com\/index.php\/2022\/10\/26\/claudia-sheinbaum-llama-a-defender-la-4t-lo-mas-importante-es-poner-el-proyecto-por-encima-de-todo\/","title":{"rendered":"Claudia Sheinbaum llama a defender la 4T: \u201cLo m\u00e1s importante es poner el proyecto por encima de todo\u201d"},"content":{"rendered":"<header class=\"main-article--header\">\n<h4 class=\"bajada\" style=\"text-align: center;\">La jefa de Gobierno se pronunci\u00f3 en contra la disputa interna de Morena con la difusi\u00f3n que hizo Layda Sansores sobre una conversaci\u00f3n de Ricardo Monreal<\/h4>\n<\/header>\n<div class=\"main-article--autor\">\n<p>En medio de la disputa interna de Morena con la difusi\u00f3n que hizo la gobernadora de Campeche,\u00a0<strong>Layda Sansores,<\/strong>\u00a0sobre una conversaci\u00f3n del senador\u00a0<strong>Ricardo Monreal<\/strong>\u00a0con el priista Alejandro Moreno, la jefa de Gobierno,\u00a0<strong>Claudia Sheinbaum<\/strong>, asegur\u00f3 que deben trabajar por la unidad a menos de dos a\u00f1os de la elecci\u00f3n presidencial.<\/p>\n<p>Poner por encima de todo el proyecto de la\u00a0<strong>Cuarta Transformaci\u00f3n es<\/strong>\u00a0lo m\u00e1s importante para mantener la unidad, asever\u00f3 la mandataria capitalina. \u201cTrabajando para la unidad, que no generemos, podemos tener nuestras diferencias, pero<strong>\u00a0lo m\u00e1s importante es poner el proyecto por encima de todo<\/strong>\u201d, dijo en conferencia de prensa.<\/p>\n<p>Al ser cuestionada sobre la\u00a0<strong>respuesta de Monreal,<\/strong>\u00a0quien pide una investigaci\u00f3n de una\u00a0<strong>campa\u00f1a en su contra,\u00a0<\/strong>la titular del Ejecutivo local afirm\u00f3 que no se va a meter en el tema.<strong>\u00a0\u201cNo me voy a meter en el tema\u00a0<\/strong>(&#8230;) yo creo que la mejor forma de actuar en este momento es haciendo nuestro trabajo y no d\u00e1ndoles armas a los adversarios\u201d, agreg\u00f3.<\/p>\n<div class=\"content-banner\">\n<p>Vale recordar que, despu\u00e9s de la amenaza de la gobernadora de Campeche para exhibir al senador Ricardo Monreal en el\u00a0<strong>Martes del Jaguar,\u00a0<\/strong>Sheinbaum, afirm\u00f3 que al entrar en\u00a0<strong>debates internos\u00a0<\/strong>los adversarios obtienen armas. Hoy, en conferencia de prensa, la mandataria capitalina reiter\u00f3 que no hacen campa\u00f1as negras en contra de nadie.<\/p>\n<blockquote><p>\u201cNosotros no hacemos campa\u00f1as sucias ni negras contra nadie, hemos sido v\u00edctimas de eso, \u00bfc\u00f3mo vamos a hacer nosotros eso?. Los adversarios son otros, los adversarios es el conservadurismo que quiere regresar a los privilegios de antes, no voy a entrar yo a un debate con mis compa\u00f1eros sobre esos temas, m\u00e1s bien hay que (mantener) la unidad interna y en todo caso lo que estamos es defendiendo un proyecto de naci\u00f3n\u201d, dijo.<\/p><\/blockquote>\n<p>En d\u00edas pasados, el senador denunci\u00f3 que hay una campa\u00f1a en su contra en redes sociales, mientras que ah\u00ed mismo se alaba a la jefa de Gobierno<strong>. \u201cEst\u00e1 equivocado \u00e9l, pero hasta ah\u00ed nada m\u00e1s<\/strong>, no voy a entrar en debate con \u00e9l, a los \u00fanicos que les damos armas cuando entramos en debates internos es a los adversarios\u201d, sostuvo Sheinbaum.<\/p>\n<\/div>\n<\/div>\n","protected":false},"excerpt":{"rendered":"<p>La jefa de Gobierno se pronunci\u00f3 en contra la disputa interna de Morena con la&#8230;<\/p>\n","protected":false},"author":1,"featured_media":11586,"comment_status":"open","ping_status":"closed","sticky":false,"template":"","format":"standard","meta":{"footnotes":""},"categories":[37,40],"tags":[],"class_list":["post-11584","post","type-post","status-publish","format-standard","has-post-thumbnail","hentry","category-nacional","category-politica"],"_links":{"self":[{"href":"https:\/\/chaneltodaycancun.com\/index.php\/wp-json\/wp\/v2\/posts\/11584","targetHints":{"allow":["GET"]}}],"collection":[{"href":"https:\/\/chaneltodaycancun.com\/index.php\/wp-json\/wp\/v2\/posts"}],"about":[{"href":"https:\/\/chaneltodaycancun.com\/index.php\/wp-json\/wp\/v2\/types\/post"}],"author":[{"embeddable":true,"href":"https:\/\/chaneltodaycancun.com\/index.php\/wp-json\/wp\/v2\/users\/1"}],"replies":[{"embeddable":true,"href":"https:\/\/chaneltodaycancun.com\/index.php\/wp-json\/wp\/v2\/comments?post=11584"}],"version-history":[{"count":1,"href":"https:\/\/chaneltodaycancun.com\/index.php\/wp-json\/wp\/v2\/posts\/11584\/revisions"}],"predecessor-version":[{"id":11585,"href":"https:\/\/chaneltodaycancun.com\/index.php\/wp-json\/wp\/v2\/posts\/11584\/revisions\/11585"}],"wp:featuredmedia":[{"embeddable":true,"href":"https:\/\/chaneltodaycancun.com\/index.php\/wp-json\/wp\/v2\/media\/11586"}],"wp:attachment":[{"href":"https:\/\/chaneltodaycancun.com\/index.php\/wp-json\/wp\/v2\/media?parent=11584"}],"wp:term":[{"taxonomy":"category","embeddable":true,"href":"https:\/\/chaneltodaycancun.com\/index.php\/wp-json\/wp\/v2\/categories?post=11584"},{"taxonomy":"post_tag","embeddable":true,"href":"https:\/\/chaneltodaycancun.com\/index.php\/wp-json\/wp\/v2\/tags?post=11584"}],"curies":[{"name":"wp","href":"https:\/\/api.w.org\/{rel}","templated":true}]}}