{"id":11593,"date":"2022-10-27T16:07:16","date_gmt":"2022-10-27T21:07:16","guid":{"rendered":"https:\/\/chaneltodaycancun.com\/?p=11593"},"modified":"2022-10-27T21:07:18","modified_gmt":"2022-10-27T21:07:18","slug":"eurodiputados-vendran-a-mexico-para-analizar-relacion-bilateral-y-migraciones","status":"publish","type":"post","link":"https:\/\/chaneltodaycancun.com\/index.php\/2022\/10\/27\/eurodiputados-vendran-a-mexico-para-analizar-relacion-bilateral-y-migraciones\/","title":{"rendered":"Eurodiputados vendr\u00e1n a M\u00e9xico para analizar relaci\u00f3n bilateral y migraciones"},"content":{"rendered":"<h4 style=\"text-align: center;\"><span class=\"f4_article-info__excerpt entry-summary\">Apenas en marzo, L\u00f3pez Obrador llam\u00f3 &#8216;borregos&#8217; a los eurodiputados por criticar pol\u00edticas de M\u00e9xico.<\/span><\/h4>\n<p><strong>Una delegaci\u00f3n del Parlamento Europeo se desplazar\u00e1 del 3 al 5 de noviembre a M\u00e9xico para analizar la relaci\u00f3n bilateral de ese pa\u00eds con la Uni\u00f3n Europea y la cooperaci\u00f3n en seguridad, migraci\u00f3n e igualdad de g\u00e9nero,<\/strong>\u00a0inform\u00f3 este jueves la Euroc\u00e1mara.<\/p>\n<p class=\"fi-aic_90\">Compuesta por catorce eurodiputados, la mitad de ellos espa\u00f1oles, la delegaci\u00f3n parlamentaria se reunir\u00e1n con hom\u00f3logos mexicanos para discutir sobre la situaci\u00f3n pol\u00edtica, econ\u00f3mica y social en M\u00e9xico y la Uni\u00f3n Europea,\u00a0<strong>al tiempo que revisar\u00e1n el Acuerdo Global modernizado y la cooperaci\u00f3n en materia migratoria -desde la perspectiva de pa\u00edses de tr\u00e1nsito y destino-, seguridad y justicia.<\/strong><\/p>\n<p>Adem\u00e1s, hablar\u00e1n sobre igualdad de g\u00e9nero y c\u00f3mo combatir la violencia contra la mujer, precis\u00f3 la Euroc\u00e1mara en un comunicado.<\/p>\n<p>Todos esos temas tendr\u00e1n cabida en vig\u00e9simo octava reuni\u00f3n de la Comisi\u00f3n Parlamentaria Mixta UE-M\u00e9xico, la primera que se celebra desde el inicio de la pandemia de Covid-19 hace m\u00e1s de dos a\u00f1os,\u00a0<strong>por lo que ser\u00e1 una ocasi\u00f3n \u201cfundamental\u201d para \u201cretomar el dialogo\u201d,\u00a0<\/strong>dijo el jefe de la delegaci\u00f3n del Parlamento Europeo, el italiano Massimiliano Smeriglio.<\/p>\n<p>Seg\u00fan la Euroc\u00e1mara, este encuentro se celebra en un momento \u201cclave\u201d para las relaciones entre la UE y M\u00e9xico,\u00a0<strong>ante la posibilidad de lograr un acuerdo para la ratificaci\u00f3n del Acuerdo Global modernizado y, en consecuencia, finalizarlo.<\/strong><\/p>\n<p>Ese acuerdo, \u201ccuya conclusi\u00f3n se est\u00e1 finalmente aproximando\u201d,\u201d nos permitir\u00e1 dar un paso sustancial en nuestras relaciones en todos los aspectos\u201d, destac\u00f3 Smeriglio.<\/p>\n<p class=\"fi-aic_90\">La cita estar\u00e1 liderada por los copresidentes de la Comisi\u00f3n Parlamentaria Mixta M\u00e9xico-UE, la senadora Gabriela L\u00f3pez G\u00f3mez y el propio Smeriglio, quienes dar\u00e1n una rueda de prensa en Ciudad de M\u00e9xico el jueves pr\u00f3ximo.<\/p>\n<p><strong>\u201cLa diplomacia parlamentaria es un valioso instrumento para reforzar las alianzas estrat\u00e9gicas entre pa\u00edses, para los intercambios pol\u00edticos y culturales, y para compartir buenas pr\u00e1cticas\u201d<\/strong>, subray\u00f3 Smeriglio, quien se mostr\u00f3 seguro de que el encuentro servir\u00e1 para reforzar \u201ca\u00fan m\u00e1s\u201d las relaciones bilaterales.<\/p>\n<h2 id=\"h-amlo-ha-criticado-a-eurodiputados-por-intromision-los-ha-llamado-borregos\">AMLO ha criticado a Eurodiputados por intromisi\u00f3n, los ha llamado \u2018borregos\u2019<\/h2>\n<p>A principios de marzo, luego de que el Parlamento Europeo aprobara una resoluci\u00f3n para condenar la violencia contra periodistas en M\u00e9xico, el gobierno federal, encabezado por Andr\u00e9s Manuel L\u00f3pez Obrador, acus\u00f3 a los eurodiputados de injerencistas, borregos y desinformados.<\/p>\n<p class=\"fi-aic_90\">\u201cEs lamentable que se sumen como borregos a la estrategia reaccionaria y golpista del grupo corrupto que se opone a la Cuarta Transformaci\u00f3n, impulsada por millones de mexicanos para enfrentar la monstruosa desigualdad y la violencia heredada por la pol\u00edtica econ\u00f3mica neoliberal que durante 36 a\u00f1os se impuso en nuestro pa\u00eds\u201d, indic\u00f3 en ese entonces, en un comunicado, el gobierno de M\u00e9xico, que despu\u00e9s inform\u00f3 que fue redactado por el propio L\u00f3pez Obrador.<\/p>\n<p>\u201cSepan diputados europeos, que M\u00e9xico ha dejado de ser tierra de conquista y, como en muy pocas ocasiones en su historia, se est\u00e1n haciendo valer los principios libertarios de igualdad y democracia. Aqu\u00ed no se reprime a nadie, se respeta la libertad de expresi\u00f3n y el trabajo de los periodistas. El Estado no viola los derechos humanos como suced\u00eda en gobiernos anteriores, cuando ustedes, por cierto, guardaron silencio c\u00f3mplice\u201d, indic\u00f3 dicho comunicado.<\/p>\n<p class=\"fi-aic_90\">\u201cEvolucionen, dejen atr\u00e1s su man\u00eda injerencista disfrazada de buenas intenciones. Ustedes no son el gobierno mundial y no olviden lo que dec\u00eda ese gigante de las Am\u00e9ricas, el presidente Benito Ju\u00e1rez: \u2018Entre los individuos, como entre las naciones, el respeto al derecho ajeno es la paz\u2019\u201d.<\/p>\n","protected":false},"excerpt":{"rendered":"<p>Apenas en marzo, L\u00f3pez Obrador llam\u00f3 &#8216;borregos&#8217; a los eurodiputados por criticar pol\u00edticas de M\u00e9xico&#8230;.<\/p>\n","protected":false},"author":1,"featured_media":11595,"comment_status":"open","ping_status":"closed","sticky":false,"template":"","format":"standard","meta":{"footnotes":""},"categories":[37,40],"tags":[],"class_list":["post-11593","post","type-post","status-publish","format-standard","has-post-thumbnail","hentry","category-nacional","category-politica"],"_links":{"self":[{"href":"https:\/\/chaneltodaycancun.com\/index.php\/wp-json\/wp\/v2\/posts\/11593","targetHints":{"allow":["GET"]}}],"collection":[{"href":"https:\/\/chaneltodaycancun.com\/index.php\/wp-json\/wp\/v2\/posts"}],"about":[{"href":"https:\/\/chaneltodaycancun.com\/index.php\/wp-json\/wp\/v2\/types\/post"}],"author":[{"embeddable":true,"href":"https:\/\/chaneltodaycancun.com\/index.php\/wp-json\/wp\/v2\/users\/1"}],"replies":[{"embeddable":true,"href":"https:\/\/chaneltodaycancun.com\/index.php\/wp-json\/wp\/v2\/comments?post=11593"}],"version-history":[{"count":1,"href":"https:\/\/chaneltodaycancun.com\/index.php\/wp-json\/wp\/v2\/posts\/11593\/revisions"}],"predecessor-version":[{"id":11594,"href":"https:\/\/chaneltodaycancun.com\/index.php\/wp-json\/wp\/v2\/posts\/11593\/revisions\/11594"}],"wp:featuredmedia":[{"embeddable":true,"href":"https:\/\/chaneltodaycancun.com\/index.php\/wp-json\/wp\/v2\/media\/11595"}],"wp:attachment":[{"href":"https:\/\/chaneltodaycancun.com\/index.php\/wp-json\/wp\/v2\/media?parent=11593"}],"wp:term":[{"taxonomy":"category","embeddable":true,"href":"https:\/\/chaneltodaycancun.com\/index.php\/wp-json\/wp\/v2\/categories?post=11593"},{"taxonomy":"post_tag","embeddable":true,"href":"https:\/\/chaneltodaycancun.com\/index.php\/wp-json\/wp\/v2\/tags?post=11593"}],"curies":[{"name":"wp","href":"https:\/\/api.w.org\/{rel}","templated":true}]}}