{"id":11674,"date":"2022-10-31T16:26:53","date_gmt":"2022-10-31T21:26:53","guid":{"rendered":"https:\/\/chaneltodaycancun.com\/?p=11674"},"modified":"2022-10-31T21:26:55","modified_gmt":"2022-10-31T21:26:55","slug":"cancun-alerta-por-un-ciclon-tropical-que-amenaza-al-caribe","status":"publish","type":"post","link":"https:\/\/chaneltodaycancun.com\/index.php\/2022\/10\/31\/cancun-alerta-por-un-ciclon-tropical-que-amenaza-al-caribe\/","title":{"rendered":"Canc\u00fan: alerta por un cicl\u00f3n tropical que amenaza al Caribe"},"content":{"rendered":"<p>La gobernadora de Quintana Roo, Mara Lezama, alert\u00f3 en redes sociales que el estado activ\u00f3 anoche la alerta azul por la presencia del potencial cicl\u00f3n tropical que avanza en el Caribe.<\/p>\n<p>La funcionaria indic\u00f3 que las Coordinaciones Nacional y Estatal de Protecci\u00f3n Civil Quintana Roo dieron a conocer que el sur de Quintana Roo, particularmente los municipios de Oth\u00f3n P. Blanco, Bacalar, Felipe Carrillo Puerto y Jos\u00e9 Mar\u00eda Morelos se encuentran en alerta azul por el acercamiento del potencial Cicl\u00f3n Tropical n\u00famero \u201cQuince\u201d.<\/p>\n<p>\u201cEl sistema se mantiene en vigilancia permanente. Invitamos a l@s quintanarroenses a mantenerse informados a trav\u00e9s de medios oficiales y a seguir las indicaciones de las autoridades. #UnidosParaTransformar\u201d, escribi\u00f3 la gobernadora.<\/p>\n<p>En un reporte difundido, citado por Noticaribe, se indic\u00f3 que el Potencial Cicl\u00f3n Tropical n\u00famero Quince, se localiza al centro del mar Caribe, a 1,470 kil\u00f3metros al este sureste de Canc\u00fan, Quintana Roo, presenta vientos m\u00e1ximos sostenidos de 65 kil\u00f3metros por hora, y rachas mayores, se desplaza hacia el oeste noroeste a raz\u00f3n de 17 kph.<\/p>\n<p>Como revel\u00f3\u00a0<em>REPORTUR.mx<\/em>, hace una semana el hurac\u00e1n Roslyn de categor\u00eda 3 se adentr\u00f3 en el estado mexicano de Nayarit a las 5:20 am hora local del domingo. Al menos dos personas murieron a causa de las destrucciones provocadas por el cicl\u00f3n (Hurac\u00e1n Roslyn azot\u00f3 Nayarit: dos muertos, casas destruidas y vientos de casi 200 kil\u00f3metros).<\/p>\n","protected":false},"excerpt":{"rendered":"<p>La gobernadora de Quintana Roo, Mara Lezama, alert\u00f3 en redes sociales que el estado activ\u00f3&#8230;<\/p>\n","protected":false},"author":1,"featured_media":11676,"comment_status":"open","ping_status":"closed","sticky":false,"template":"","format":"standard","meta":{"footnotes":""},"categories":[27,57],"tags":[],"class_list":["post-11674","post","type-post","status-publish","format-standard","has-post-thumbnail","hentry","category-local","category-quintana-roo"],"_links":{"self":[{"href":"https:\/\/chaneltodaycancun.com\/index.php\/wp-json\/wp\/v2\/posts\/11674","targetHints":{"allow":["GET"]}}],"collection":[{"href":"https:\/\/chaneltodaycancun.com\/index.php\/wp-json\/wp\/v2\/posts"}],"about":[{"href":"https:\/\/chaneltodaycancun.com\/index.php\/wp-json\/wp\/v2\/types\/post"}],"author":[{"embeddable":true,"href":"https:\/\/chaneltodaycancun.com\/index.php\/wp-json\/wp\/v2\/users\/1"}],"replies":[{"embeddable":true,"href":"https:\/\/chaneltodaycancun.com\/index.php\/wp-json\/wp\/v2\/comments?post=11674"}],"version-history":[{"count":1,"href":"https:\/\/chaneltodaycancun.com\/index.php\/wp-json\/wp\/v2\/posts\/11674\/revisions"}],"predecessor-version":[{"id":11675,"href":"https:\/\/chaneltodaycancun.com\/index.php\/wp-json\/wp\/v2\/posts\/11674\/revisions\/11675"}],"wp:featuredmedia":[{"embeddable":true,"href":"https:\/\/chaneltodaycancun.com\/index.php\/wp-json\/wp\/v2\/media\/11676"}],"wp:attachment":[{"href":"https:\/\/chaneltodaycancun.com\/index.php\/wp-json\/wp\/v2\/media?parent=11674"}],"wp:term":[{"taxonomy":"category","embeddable":true,"href":"https:\/\/chaneltodaycancun.com\/index.php\/wp-json\/wp\/v2\/categories?post=11674"},{"taxonomy":"post_tag","embeddable":true,"href":"https:\/\/chaneltodaycancun.com\/index.php\/wp-json\/wp\/v2\/tags?post=11674"}],"curies":[{"name":"wp","href":"https:\/\/api.w.org\/{rel}","templated":true}]}}