{"id":11707,"date":"2022-11-02T15:45:42","date_gmt":"2022-11-02T20:45:42","guid":{"rendered":"https:\/\/chaneltodaycancun.com\/?p=11707"},"modified":"2022-11-02T20:45:45","modified_gmt":"2022-11-02T20:45:45","slug":"ecuador-espera-firmar-el-acuerdo-comercial-con-mexico-este-mes","status":"publish","type":"post","link":"https:\/\/chaneltodaycancun.com\/index.php\/2022\/11\/02\/ecuador-espera-firmar-el-acuerdo-comercial-con-mexico-este-mes\/","title":{"rendered":"Ecuador espera firmar el acuerdo comercial con M\u00e9xico este mes"},"content":{"rendered":"<h4 class=\"article-subheadline\" style=\"text-align: center;\">La suscripci\u00f3n de este tratado es necesaria para que el pa\u00eds andino ingrese como miembro pleno a la Alianza del Pac\u00edfico<\/h4>\n<div class=\"byline\">\n<div class=\"byline-text-wrapper\">\n<p class=\"paragraph\"><b>Ecuador<\/b>\u00a0prev\u00e9 cerrar a finales de noviembre las negociaciones para suscribir el acuerdo comercial con\u00a0<b>M\u00e9xico<\/b>. Este tratado le permitir\u00e1 al pa\u00eds andino su anexi\u00f3n plena a la\u00a0<b>Alianza del Pac\u00edfico<\/b>. Para cerrar el acuerdo, una delegaci\u00f3n ecuatoriana de alto nivel viajar\u00e1 a M\u00e9xico, para la C<b>umbre de Presidentes de la Alianza del Pac\u00edfico\u00a0<\/b>que se realizar\u00e1 en Oaxaca.<\/p>\n<p class=\"paragraph\">La Alianza del Pac\u00edfico es un organismo de integraci\u00f3n conformado por\u00a0<b>Chile<\/b>,\u00a0<b>Per\u00fa<\/b>,\u00a0<b>Colombia<\/b>\u00a0y\u00a0<b>M\u00e9xico<\/b>. Para ingresar, Ecuador debe suscribir acuerdos comerciales con los pa\u00edses miembros. El presidente de la Rep\u00fablica,\u00a0<b>Guillermo Lasso<\/b>;\u00a0<b>Julio Jos\u00e9 Prado<\/b>, ministro de Producci\u00f3n, Comercio Exterior, Inversiones y Pesca; y el canciller\u00a0<b>Juan Carlos Holgu\u00edn<\/b>, conformar\u00e1n la delegaci\u00f3n que realizar\u00e1 el viaje.<\/p>\n<p>Seg\u00fan inform\u00f3 el ministro Prado en una entrevista radial, por el momento\u00a0<b>18 de las 20 mesas de negociaci\u00f3n con M\u00e9xico est\u00e1n cerradas<\/b>. El secretario de Estado asegur\u00f3 que los negociadores ecuatorianos trabajan no solo en el acuerdo con M\u00e9xico sino tambi\u00e9n con\u00a0<b>Costa Rica<\/b>. Con este \u00faltimo pa\u00eds ya iniciaron las rondas de negociaci\u00f3n y\u00a0<b>14 de las 20 mesas ya est\u00e1n cerradas<\/b>: \u201cNos falta M\u00e9xico y Costa Rica est\u00e1 tambi\u00e9n por ingresar a la Alianza del Pac\u00edfico, por eso es importante tener tambi\u00e9n un acuerdo comercial con Costa Rica\u201d, dijo el ministro.<\/p>\n<p class=\"paragraph\">Prado asegur\u00f3 que a finales del 2022 se firmar\u00e1 el acuerdo con Costa Rica e inform\u00f3 que \u201cen este mismo momento&#8230; el equipo negociador del Ecuador y de Costa Rica est\u00e1n en San Jos\u00e9 negociando una de las que esperamos que sean las \u00faltimas rondas de negociaci\u00f3n con Costa Rica, m\u00e1s una negociaci\u00f3n virtual cuando tengamos ya el tema del cierre t\u00e9cnico\u201d.<\/p>\n<p class=\"paragraph\">En cuanto al acuerdo con M\u00e9xico, Prado asegur\u00f3 que hubo un cambio de los equipos negociadores mexicanos y las autoridades ecuatorianas lo que hicieron fue reunirse con los nuevos funcionarios para continuar con el tratado.<\/p>\n<p class=\"paragraph\">\u201cLo que hicimos fue ir a conocer a este nuevo equipo, yo me reun\u00ed directamente con la secretaria Buenrostro, la nueva secretaria de Econom\u00eda de M\u00e9xico, y lo que hemos acordado, que yo le entregu\u00e9 personalmente a ella, es una \u00faltima propuesta del Ecuador en los t\u00e9rminos de acceso a mercados en los temas que nos faltan, que es\u00a0<b>acceso a mercados para camar\u00f3n y para banano b\u00e1sicamente<\/b>, y una propuesta en servicios financieros, un tema peque\u00f1o que estaba pendiente\u201d, se\u00f1al\u00f3 Prado.<\/p>\n<p class=\"paragraph\">El acuerdo entre M\u00e9xico y Ecuador mantiene algunos productos sensibles como el\u00a0<b>banano<\/b>, el\u00a0<b>camar\u00f3n<\/b>\u00a0y los productos\u00a0<b>pesqueros<\/b>, como el at\u00fan.<\/p>\n<p class=\"paragraph\">En junio de este a\u00f1o, los gremios ecuatorianos pidieron que estos productos ingresen al acuerdo con buenas condiciones, mientras que sus pares mexicanos piden que ciertos productos queden fuera, como el caso del camar\u00f3n.<\/p>\n<p class=\"paragraph\">El banano, el camar\u00f3n, el at\u00fan son tres productos representativos de las exportaciones no petroleras ecuatorianas y constan en la lista de los\u00a0<b>10 productos que m\u00e1s se exportan desde Ecuador<\/b>.<\/p>\n<p class=\"paragraph\">La pesca, cuyas condiciones ya fueron discutidas, era uno de los productos que gener\u00f3 preocupaci\u00f3n dentro del gremio, por ello la\u00a0<b>C\u00e1mara Nacional de Pesquer\u00eda, la de Industriales y Procesadores Atuneros<\/b>\u00a0han pedido al gobierno que retire ese producto del acuerdo con\u00a0<b>M\u00e9xico<\/b>.<\/p>\n<p class=\"paragraph\">En ese momento,\u00a0<b>Bruno Leone<\/b>, presidente de la C\u00e1mara Nacional de Pesquer\u00eda, dijo que el sector pesquero mexicano busca que los pesqueros ecuatorianos les reporten sus actividades, las que seg\u00fan Leone ya son supervisadas por la Comisi\u00f3n Interamericana del At\u00fan Tropical, de la que M\u00e9xico tambi\u00e9n es parte: \u201cNosotros consideramos que no es conveniente revelar esa informaci\u00f3n sensible de la pesca en Ecuador (&#8230;). No le vemos sentido a ese pedido\u201d, expres\u00f3 Leone.<\/p>\n<p class=\"paragraph\">El 31 de mayo pasado, el Ministerio de Producci\u00f3n de Ecuador asegur\u00f3 que ni el camar\u00f3n ni el banano han sido excluidos de las negociaciones con M\u00e9xico y record\u00f3 que esa entidad as\u00ed como la Secretar\u00eda de Econom\u00eda de M\u00e9xico son las \u00fanicas instituciones que pueden pronunciarse oficialmente sobre los acuerdos alcanzados en materia comercial.<\/p>\n<p class=\"paragraph\">En cambio, frente a las negociaciones, el sector bananero se ha mostrado esperanzado sobre las condiciones que las autoridades puedan alcanzar para este producto.\u00a0<b>Richard Salazar<\/b>, director ejecutivo de la Asociaci\u00f3n de Comercializaci\u00f3n y Exportaci\u00f3n de Banano (Acorbanec) dijo que desde el gremio \u201caspiramos a que esto se aclare y se pueda de una vez solucionar (&#8230;). No est\u00e1 cerrado el tema de la negociaci\u00f3n, sigue abierto, pero aspiramos a que haya definiciones\u201d. Para Salazar es inviable un acuerdo comercial que no considere a los productos insignia del Ecuador.<\/p>\n<\/div>\n<\/div>\n","protected":false},"excerpt":{"rendered":"<p>La suscripci\u00f3n de este tratado es necesaria para que el pa\u00eds andino ingrese como miembro&#8230;<\/p>\n","protected":false},"author":1,"featured_media":11709,"comment_status":"open","ping_status":"closed","sticky":false,"template":"","format":"standard","meta":{"footnotes":""},"categories":[36,37,40],"tags":[],"class_list":["post-11707","post","type-post","status-publish","format-standard","has-post-thumbnail","hentry","category-internacional","category-nacional","category-politica"],"_links":{"self":[{"href":"https:\/\/chaneltodaycancun.com\/index.php\/wp-json\/wp\/v2\/posts\/11707","targetHints":{"allow":["GET"]}}],"collection":[{"href":"https:\/\/chaneltodaycancun.com\/index.php\/wp-json\/wp\/v2\/posts"}],"about":[{"href":"https:\/\/chaneltodaycancun.com\/index.php\/wp-json\/wp\/v2\/types\/post"}],"author":[{"embeddable":true,"href":"https:\/\/chaneltodaycancun.com\/index.php\/wp-json\/wp\/v2\/users\/1"}],"replies":[{"embeddable":true,"href":"https:\/\/chaneltodaycancun.com\/index.php\/wp-json\/wp\/v2\/comments?post=11707"}],"version-history":[{"count":1,"href":"https:\/\/chaneltodaycancun.com\/index.php\/wp-json\/wp\/v2\/posts\/11707\/revisions"}],"predecessor-version":[{"id":11708,"href":"https:\/\/chaneltodaycancun.com\/index.php\/wp-json\/wp\/v2\/posts\/11707\/revisions\/11708"}],"wp:featuredmedia":[{"embeddable":true,"href":"https:\/\/chaneltodaycancun.com\/index.php\/wp-json\/wp\/v2\/media\/11709"}],"wp:attachment":[{"href":"https:\/\/chaneltodaycancun.com\/index.php\/wp-json\/wp\/v2\/media?parent=11707"}],"wp:term":[{"taxonomy":"category","embeddable":true,"href":"https:\/\/chaneltodaycancun.com\/index.php\/wp-json\/wp\/v2\/categories?post=11707"},{"taxonomy":"post_tag","embeddable":true,"href":"https:\/\/chaneltodaycancun.com\/index.php\/wp-json\/wp\/v2\/tags?post=11707"}],"curies":[{"name":"wp","href":"https:\/\/api.w.org\/{rel}","templated":true}]}}