{"id":11740,"date":"2022-11-04T16:01:41","date_gmt":"2022-11-04T21:01:41","guid":{"rendered":"https:\/\/chaneltodaycancun.com\/?p=11740"},"modified":"2022-11-04T21:01:42","modified_gmt":"2022-11-04T21:01:42","slug":"ni-con-vacaciones-de-12-dias-mexico-es-uno-de-los-paises-con-menos-descansos-en-el-mundo","status":"publish","type":"post","link":"https:\/\/chaneltodaycancun.com\/index.php\/2022\/11\/04\/ni-con-vacaciones-de-12-dias-mexico-es-uno-de-los-paises-con-menos-descansos-en-el-mundo\/","title":{"rendered":"Ni con vacaciones de 12 d\u00edas: M\u00e9xico es uno de los pa\u00edses con menos descansos en el mundo"},"content":{"rendered":"<div class=\"row\">\n<div class=\"col-sm-xl-12 layout-section wrap-bottom\">\n<h4 class=\"primary-font__PrimaryFontStyles-o56yd5-0 heuGTu h4-primary sub-headline\" style=\"text-align: center;\">La reforma para extender de 6 a 12 de d\u00edas de vacaciones, a partir del primer a\u00f1o en M\u00e9xico, fue aprobada por los senadores este 3 de noviembre.<\/h4>\n<div class=\"default__StyledDiv-cj38t1-0 gCPfDm share-bar\">\n<p class=\"default__StyledText-xb1qmn-0 cgXrXK body-paragraph\">El proyecto de reforma para que las\u00a0vacaciones pagadas de los trabajadores del sector privado se dupliquen de seis a 12 d\u00edas,\u00a0a partir del primer a\u00f1o de trabajo, fue aprobado este jueves 3 de noviembre por los legisladores, en el Senado de la Rep\u00fablica; sin embargo, M\u00e9xico contin\u00faa como uno de los pa\u00edses con menos d\u00edas de descanso dentro de sus derechos laborales.<\/p>\n<p class=\"default__StyledText-xb1qmn-0 cgXrXK body-paragraph\">As\u00ed la\u00a0Organizaci\u00f3n para la Cooperaci\u00f3n y Desarrollo Econ\u00f3micos\u00a0(OCDE), que coloca a M\u00e9xico como la \u00fanica naci\u00f3n donde por ley (hasta este 3 de noviembre) se otorgan solamente seis d\u00edas de vacaciones.<\/p>\n<p class=\"default__StyledText-xb1qmn-0 cgXrXK body-paragraph\">Los pa\u00edses que siguen a M\u00e9xico con el\u00a0<b>menor n\u00famero de d\u00edas de vacaciones<\/b>\u00a0son Jap\u00f3n y Costa Rica, con 10, y Turqu\u00eda, con 12 d\u00edas de vacaciones, respectivamente.<\/p>\n<p class=\"default__StyledText-xb1qmn-0 cgXrXK body-paragraph\">Por otra parte, los pa\u00edses que otorgan mayor n\u00famero de vacaciones a sus trabajadores son Reino Unido, Luxemburgo y Francia, donde los empleados gozan de\u00a0<b>28, 26 y 25 d\u00edas de asueto,<\/b>\u00a0respectivamente.<\/p>\n<p class=\"default__StyledText-xb1qmn-0 cgXrXK body-paragraph\">Los datos de la OCDE muestran que M\u00e9xico tambi\u00e9n es el miembro donde\u00a0<b>m\u00e1s horas se trabajan<\/b>\u00a0al a\u00f1o: de acuerdo con sus estad\u00edsticas, las y los trabajadores mexicanos tienen\u00a0<b>un promedio anual de 2 mil 137 horas<\/b>. A nuestro pa\u00eds le sigue Costa Rica con 2 mil 60 horas, y Corea del Sur, con mil 967.<\/p>\n<h2 class=\"heading__StyledHeading-sc-5jxglz-0 kSxoe\">\u00bfC\u00f3mo quedar\u00e1n las vacaciones en M\u00e9xico tras ser reformadas?<\/h2>\n<p class=\"default__StyledText-xb1qmn-0 cgXrXK body-paragraph\">\u201cM\u00e9xico est\u00e1 debajo de la media respecto a\u00a0derechos laborales\u00a0en Am\u00e9rica Latina y el mundo respecto a vacaciones, cuando Cuba o Panam\u00e1 otorgan a sus trabajadores hasta<b>\u00a030 d\u00edas por a\u00f1o trabajado<\/b>\u201d, expuso el senador Ricardo Vel\u00e1zquez, del grupo parlamentario de Morena, este jueves, previo a la aprobaci\u00f3n de la reforma.<\/p>\n<p class=\"default__StyledText-xb1qmn-0 cgXrXK body-paragraph\">Pese a la aprobaci\u00f3n del dictamen que reforma los art\u00edculos 76 y 78 de la Ley Federal del Trabajo, para\u00a0<b>aumentar las vacaciones de los trabajadores<\/b>, M\u00e9xico contin\u00faa como uno de los pa\u00edses con menos d\u00edas de descanso para los empleados, ya que el primer a\u00f1o se otorgar\u00e1n 12 d\u00edas.<\/p>\n<p class=\"default__StyledText-xb1qmn-0 cgXrXK body-paragraph\">La minuta establece que se aumentar\u00e1 a los empleados dos d\u00edas de vacaciones por cada uno de los siguientes cinco a\u00f1os subsecuentes, hasta llegar a 20 d\u00edas.<\/p>\n<\/div>\n<\/div>\n<\/div>\n","protected":false},"excerpt":{"rendered":"<p>La reforma para extender de 6 a 12 de d\u00edas de vacaciones, a partir del&#8230;<\/p>\n","protected":false},"author":1,"featured_media":11742,"comment_status":"open","ping_status":"closed","sticky":false,"template":"","format":"standard","meta":{"footnotes":""},"categories":[37],"tags":[],"class_list":["post-11740","post","type-post","status-publish","format-standard","has-post-thumbnail","hentry","category-nacional"],"_links":{"self":[{"href":"https:\/\/chaneltodaycancun.com\/index.php\/wp-json\/wp\/v2\/posts\/11740","targetHints":{"allow":["GET"]}}],"collection":[{"href":"https:\/\/chaneltodaycancun.com\/index.php\/wp-json\/wp\/v2\/posts"}],"about":[{"href":"https:\/\/chaneltodaycancun.com\/index.php\/wp-json\/wp\/v2\/types\/post"}],"author":[{"embeddable":true,"href":"https:\/\/chaneltodaycancun.com\/index.php\/wp-json\/wp\/v2\/users\/1"}],"replies":[{"embeddable":true,"href":"https:\/\/chaneltodaycancun.com\/index.php\/wp-json\/wp\/v2\/comments?post=11740"}],"version-history":[{"count":1,"href":"https:\/\/chaneltodaycancun.com\/index.php\/wp-json\/wp\/v2\/posts\/11740\/revisions"}],"predecessor-version":[{"id":11741,"href":"https:\/\/chaneltodaycancun.com\/index.php\/wp-json\/wp\/v2\/posts\/11740\/revisions\/11741"}],"wp:featuredmedia":[{"embeddable":true,"href":"https:\/\/chaneltodaycancun.com\/index.php\/wp-json\/wp\/v2\/media\/11742"}],"wp:attachment":[{"href":"https:\/\/chaneltodaycancun.com\/index.php\/wp-json\/wp\/v2\/media?parent=11740"}],"wp:term":[{"taxonomy":"category","embeddable":true,"href":"https:\/\/chaneltodaycancun.com\/index.php\/wp-json\/wp\/v2\/categories?post=11740"},{"taxonomy":"post_tag","embeddable":true,"href":"https:\/\/chaneltodaycancun.com\/index.php\/wp-json\/wp\/v2\/tags?post=11740"}],"curies":[{"name":"wp","href":"https:\/\/api.w.org\/{rel}","templated":true}]}}