{"id":11782,"date":"2022-11-06T10:45:35","date_gmt":"2022-11-06T15:45:35","guid":{"rendered":"https:\/\/chaneltodaycancun.com\/?p=11782"},"modified":"2022-11-05T15:56:51","modified_gmt":"2022-11-05T15:56:51","slug":"empresarios-de-cancun-piden-retrasar-aumento-de-12-dias-de-vacaciones","status":"publish","type":"post","link":"https:\/\/chaneltodaycancun.com\/index.php\/2022\/11\/06\/empresarios-de-cancun-piden-retrasar-aumento-de-12-dias-de-vacaciones\/","title":{"rendered":"Empresarios de Canc\u00fan piden \u201cretrasar\u201d aumento de 12 d\u00edas de vacaciones"},"content":{"rendered":"<div>\n<div class=\"row m-b-15\">\n<div class=\"col-xs-12 col-sm-12 col-md-12 col-lg-12\">\n<h4 class=\"introduction\" style=\"text-align: center;\">El sector empresarial apoya la reforma, pero considera que aplicarla \u201cde golpe\u201d da\u00f1ar\u00e1 a la econom\u00eda por la falta de personal.<\/h4>\n<\/div>\n<\/div>\n<\/div>\n<div class=\"row m-b-25\">\n<div class=\"col-xs-12 col-sm-12 col-md-12 col-lg-12 info-extra-new\">\n<p>El Consejo Coordinador Empresarial del Caribe (CCE) afirm\u00f3 estar a favor de las llamadas\u00a0<strong>vacaciones dignas: el aumento de 6 a 12 d\u00edas de vacaciones pagadas<\/strong>\u00a0para los trabajadores del su primer a\u00f1o de labor\u2026 pero pide que la aplicaci\u00f3n sea escalonada.<\/p>\n<p>Eduardo Mart\u00ednez Gonz\u00e1lez, presidente del CCE, dijo que solicitan que, en el\u00a0<strong>primer a\u00f1o que se aplique la reforma<\/strong>\u00a0a la Ley del Trabajo, se den nueve d\u00edas y que\u00a0<strong>hasta el segundo a\u00f1o de implementaci\u00f3n se den los 12<\/strong>\u00a0d\u00edas de vacaciones.<\/p>\n<p>Esto con la finalidad de que en las empresas puedan adecuar sus plantillas y no tener afectaciones.<\/p>\n<div id=\"div-gpt-ad-inread-63659b0cbf2e3800136fd83f\" data-name=\"inread\" data-size=\"[[336,250], [300,250]]\" data-google-query-id=\"CN7Q9cSzl_sCFWhhDwIdz3EJ-g\">\n<p>Luego de que fue aprobada la llamada reforma \u201cVacaciones Dignas\u201d que entrar\u00e1 en vigor el pr\u00f3ximo a\u00f1o, el l\u00edder de la c\u00fapula empresarial dijo que no estar\u00e1n a favor de que se aplique de inmediato, sino que proponen sea escalonado:<\/p>\n<p>\u201cAplicarlo as\u00ed es un problema para las empresas, pues se considera que traer\u00e1 un efecto inflacionario. Para poder cubrir los d\u00edas de vacaciones no se tiene al personal suficiente y es por ello que se pide analizar la posibilidad de hacerlo paulatinamente\u201d.<\/p>\n<p>Explic\u00f3 que el sector empresarial considera que primero se debe trabajar en un esquema que no da\u00f1e la cadena productiva \u201cde golpe\u201d, que es como se est\u00e1 proponiendo.<\/p>\n<p><cite>\u201cEsto es la opini\u00f3n del sector, ya que para nosotros si ser\u00eda una afectaci\u00f3n la aplicaci\u00f3n en 2023 de esta medida\u201d<\/cite><\/p>\n<p>La reforma que ya fue aprobada, contempla que el trabajador pueda gozar de 12 d\u00edas de vacaciones desde su primer a\u00f1o e incrementar esta cifra con dos d\u00edas de manera anual hasta llegar a 20 d\u00edas de descanso obligatorio.<\/p>\n<p>En su momento, cuando fue aprobada por la C\u00e1mara baja y turnada al Senado, la Confederaci\u00f3n Patronal de la Rep\u00fablica Mexicana tambi\u00e9n pidi\u00f3 que se contemplara en la reforma que la\u00a0<strong>implementaci\u00f3n fuera de manera paulatina.<\/strong><\/p>\n<p>Por unanimidad de votos qued\u00f3 aprobada por el Senado la reforma, con ello la Ley Federal del Trabajo cambiar\u00e1 sus art\u00edculos 76 y 78.<\/p>\n<\/div>\n<\/div>\n<\/div>\n","protected":false},"excerpt":{"rendered":"<p>El sector empresarial apoya la reforma, pero considera que aplicarla \u201cde golpe\u201d da\u00f1ar\u00e1 a la&#8230;<\/p>\n","protected":false},"author":1,"featured_media":11784,"comment_status":"open","ping_status":"closed","sticky":false,"template":"","format":"standard","meta":{"footnotes":""},"categories":[27,57],"tags":[],"class_list":["post-11782","post","type-post","status-publish","format-standard","has-post-thumbnail","hentry","category-local","category-quintana-roo"],"_links":{"self":[{"href":"https:\/\/chaneltodaycancun.com\/index.php\/wp-json\/wp\/v2\/posts\/11782","targetHints":{"allow":["GET"]}}],"collection":[{"href":"https:\/\/chaneltodaycancun.com\/index.php\/wp-json\/wp\/v2\/posts"}],"about":[{"href":"https:\/\/chaneltodaycancun.com\/index.php\/wp-json\/wp\/v2\/types\/post"}],"author":[{"embeddable":true,"href":"https:\/\/chaneltodaycancun.com\/index.php\/wp-json\/wp\/v2\/users\/1"}],"replies":[{"embeddable":true,"href":"https:\/\/chaneltodaycancun.com\/index.php\/wp-json\/wp\/v2\/comments?post=11782"}],"version-history":[{"count":1,"href":"https:\/\/chaneltodaycancun.com\/index.php\/wp-json\/wp\/v2\/posts\/11782\/revisions"}],"predecessor-version":[{"id":11783,"href":"https:\/\/chaneltodaycancun.com\/index.php\/wp-json\/wp\/v2\/posts\/11782\/revisions\/11783"}],"wp:featuredmedia":[{"embeddable":true,"href":"https:\/\/chaneltodaycancun.com\/index.php\/wp-json\/wp\/v2\/media\/11784"}],"wp:attachment":[{"href":"https:\/\/chaneltodaycancun.com\/index.php\/wp-json\/wp\/v2\/media?parent=11782"}],"wp:term":[{"taxonomy":"category","embeddable":true,"href":"https:\/\/chaneltodaycancun.com\/index.php\/wp-json\/wp\/v2\/categories?post=11782"},{"taxonomy":"post_tag","embeddable":true,"href":"https:\/\/chaneltodaycancun.com\/index.php\/wp-json\/wp\/v2\/tags?post=11782"}],"curies":[{"name":"wp","href":"https:\/\/api.w.org\/{rel}","templated":true}]}}