{"id":11998,"date":"2022-11-18T16:00:29","date_gmt":"2022-11-18T21:00:29","guid":{"rendered":"https:\/\/chaneltodaycancun.com\/?p=11998"},"modified":"2022-11-18T21:00:30","modified_gmt":"2022-11-18T21:00:30","slug":"hoteleros-de-cancun-reclaman-afectaciones-y-perdidas-economicas-tras-bloqueo-vial-de-9-horas","status":"publish","type":"post","link":"https:\/\/chaneltodaycancun.com\/index.php\/2022\/11\/18\/hoteleros-de-cancun-reclaman-afectaciones-y-perdidas-economicas-tras-bloqueo-vial-de-9-horas\/","title":{"rendered":"Hoteleros de Canc\u00fan reclaman afectaciones y p\u00e9rdidas econ\u00f3micas tras bloqueo vial de 9 horas"},"content":{"rendered":"<div class=\"jsx-1778878049 \">\n<h4 style=\"text-align: center;\">Los empresarios locales expusieron que es saldo preliminar por el bloqueo de nueve horas al bulevar Kukulc\u00e1n es de 250 turistas que perdieron sus vuelos y la cancelaci\u00f3n de un vuelo de American Airlines.<\/h4>\n<\/div>\n<div class=\"jsx-1921398030 newsbody\">\n<div class=\"jsx-670345696 share fixed\">\n<div class=\"jsx-670345696 \">El saldo preliminar por el\u00a0bloqueo de nueve horas realizado el pasado mi\u00e9rcoles 16 de noviembre al <strong class=\"fi-aic_250\">bulevar Kukulc\u00e1n\u00a0<\/strong>\u2013la \u00fanica v\u00eda de acceso y salida a la zona hotelera de Canc\u00fan\u2013 es de 250 turistas que perdieron sus vuelos y la cancelaci\u00f3n de un vuelo de American Airlines.<\/p>\n<p class=\"jsx-3954459878\">Esto aunado a que se cuentan por miles los trabajadores que se vieron afectados en sus jornadas laborales por retrasos de hasta tres horas para llegar a sus centros de trabajo, adem\u00e1s del tiempo perdido por la suspensi\u00f3n del servicio de transporte colectivo.<\/p>\n<p class=\"jsx-3954459878\">As\u00ed lo dio a conocer el presidente de la<strong>\u00a0Asociaci\u00f3n de Hoteles de Canc\u00fan, Puerto Morelos e Isla Mujeres<\/strong>, Jes\u00fas Almaguer, quien a\u00f1adi\u00f3 que una vez contabilizadas la totalidad de las afectaciones buscar\u00e1n interponer una demanda por a\u00f1os econ\u00f3micos contra quienes provocaron el desquiciamiento vial entre las 10:00 y las 19:30 horas del pasado mi\u00e9rcoles 16 de noviembre.<\/p>\n<p class=\"jsx-3954459878\">Sin mencionar nombre, asegur\u00f3 que tienen indicios de que \u201c<strong>lideresas pol\u00edticas<\/strong>\u201d utilizaron un tema muy sensible, como de las personas desaparecidas en Quintana Roo, para manipular a los familiares de quienes han sido v\u00edctimas por este delito.<\/p>\n<p class=\"jsx-3954459878\">\u201cCon intereses mezquinos, manipularon los intereses de la gente y afectaron la principal actividad del estado, afectaron a miles de familias que dependen del turismo, y afectaron la imagen de Canc\u00fan como destino tur\u00edstico; estamos muy\u00a0<strong>indignados<\/strong>, estamos molestos, y vamos a llegar al fondo del asunto y vamos a demandar\u201d, expuso el l\u00edder hotelero.<\/p>\n<\/div>\n<\/div>\n<div class=\"jsx-1921398030\">\n<div>\n<div data-luna-player=\"\" data-luna-player-lang=\"es\" data-luna-player-post=\"https:\/\/www.eleconomista.com.mx\/estados\/Hoteleros-de-Cancun-reclaman-afectaciones-y-perdidas-economicas-tras-bloqueo-vial-de-9-horas-20221117-0100.html\">\n<p class=\"jsx-3954459878\">Almaguer Salazar record\u00f3 adem\u00e1s que existe un reglamento vigente desde los a\u00f1os 90 que \u201c<strong>proh\u00edbe bloquear la zona hotelera por el motivo que sea<\/strong>\u201d, por lo que har\u00e1n valer todos esos elementos para interponer el recurso por la v\u00eda legal.<\/p>\n<p class=\"jsx-3954459878\">Cabe recordar que el bloqueo al bulevar Kukulc\u00e1n durante nueve horas se origin\u00f3 por el descontento de los colectivos Memoria, Verdad y Justicia y Somos tus Ojos, quienes piden la destituci\u00f3n del fiscal general del estado,<strong>\u00a0\u00d3scar Montes de Oca<\/strong>, a quien acusan de entorpecer deliberadamente las investigaciones de personas desaparecidas, as\u00ed como de violaciones sistem\u00e1ticas a los derechos humanos, relacionados con al menos 70 carpetas de investigaci\u00f3n.<\/p>\n<p class=\"jsx-3954459878\">La gobernadora de Quintana Roo, Mara Lezama Espinosa, se comprometi\u00f3 mediante una llamada telef\u00f3nica a sostener una reuni\u00f3n en Canc\u00fan con los referidos colectivos para negociar sus exigencias.<\/p>\n<\/div>\n<div><\/div>\n<\/div>\n<div class=\"jsx-3150550767\"><\/div>\n<\/div>\n<\/div>\n","protected":false},"excerpt":{"rendered":"<p>Los empresarios locales expusieron que es saldo preliminar por el bloqueo de nueve horas al&#8230;<\/p>\n","protected":false},"author":1,"featured_media":12000,"comment_status":"open","ping_status":"closed","sticky":false,"template":"","format":"standard","meta":{"footnotes":""},"categories":[27,57],"tags":[],"class_list":["post-11998","post","type-post","status-publish","format-standard","has-post-thumbnail","hentry","category-local","category-quintana-roo"],"_links":{"self":[{"href":"https:\/\/chaneltodaycancun.com\/index.php\/wp-json\/wp\/v2\/posts\/11998","targetHints":{"allow":["GET"]}}],"collection":[{"href":"https:\/\/chaneltodaycancun.com\/index.php\/wp-json\/wp\/v2\/posts"}],"about":[{"href":"https:\/\/chaneltodaycancun.com\/index.php\/wp-json\/wp\/v2\/types\/post"}],"author":[{"embeddable":true,"href":"https:\/\/chaneltodaycancun.com\/index.php\/wp-json\/wp\/v2\/users\/1"}],"replies":[{"embeddable":true,"href":"https:\/\/chaneltodaycancun.com\/index.php\/wp-json\/wp\/v2\/comments?post=11998"}],"version-history":[{"count":1,"href":"https:\/\/chaneltodaycancun.com\/index.php\/wp-json\/wp\/v2\/posts\/11998\/revisions"}],"predecessor-version":[{"id":11999,"href":"https:\/\/chaneltodaycancun.com\/index.php\/wp-json\/wp\/v2\/posts\/11998\/revisions\/11999"}],"wp:featuredmedia":[{"embeddable":true,"href":"https:\/\/chaneltodaycancun.com\/index.php\/wp-json\/wp\/v2\/media\/12000"}],"wp:attachment":[{"href":"https:\/\/chaneltodaycancun.com\/index.php\/wp-json\/wp\/v2\/media?parent=11998"}],"wp:term":[{"taxonomy":"category","embeddable":true,"href":"https:\/\/chaneltodaycancun.com\/index.php\/wp-json\/wp\/v2\/categories?post=11998"},{"taxonomy":"post_tag","embeddable":true,"href":"https:\/\/chaneltodaycancun.com\/index.php\/wp-json\/wp\/v2\/tags?post=11998"}],"curies":[{"name":"wp","href":"https:\/\/api.w.org\/{rel}","templated":true}]}}