{"id":12055,"date":"2022-11-21T15:51:44","date_gmt":"2022-11-21T20:51:44","guid":{"rendered":"https:\/\/chaneltodaycancun.com\/?p=12055"},"modified":"2022-11-22T21:21:58","modified_gmt":"2022-11-22T21:21:58","slug":"restaurantes-de-cancun-inician-flojo-el-mundial-de-qatar-2022","status":"publish","type":"post","link":"https:\/\/chaneltodaycancun.com\/index.php\/2022\/11\/21\/restaurantes-de-cancun-inician-flojo-el-mundial-de-qatar-2022\/","title":{"rendered":"Restaurantes de Canc\u00fan inician &#8220;flojo&#8221; el Mundial de Qatar 2022"},"content":{"rendered":"<div>\n<div class=\"row m-b-15\">\n<div class=\"col-xs-12 col-sm-12 col-md-12 col-lg-12\">\n<h4 class=\"introduction\" style=\"text-align: center;\">El inicio de la Copa del Mundo no represent\u00f3 un repunte en las ventas de diversos locales de comida de la ciudad.<\/h4>\n<\/div>\n<\/div>\n<\/div>\n<div class=\"row m-b-25\">\n<div class=\"col-xs-12 col-sm-12 col-md-12 col-lg-12 info-extra-new\">\n<p>El nivel de ventas reportado en distintos locales de comida de la ciudad present\u00f3 un muy bajo repunte tras el inicio de la Copa Mundial de Qatar 2022.<\/p>\n<p>Con el partido inaugural del pasado domingo, los locales de la zona centro reportaron un nivel de operaci\u00f3n similar al de octubre y noviembre, aunque seg\u00fan la C\u00e1mara Nacional de la Industria de Restaurantes y Alimentos Condimentados (Canirac), previo al inicio del torneo se esperaba un incremento de al menos el 50% en m\u00e1s de mil locales tan s\u00f3lo en Canc\u00fan.<\/p>\n<p>Albert Giovanny Rivas Contreras, gerente general de un negocio de comida sobre la avenida Tulum, comparti\u00f3 que este domingo lleg\u00f3 un estimado de\u00a0<strong>200 personas<\/strong>\u00a0para el primer partido de la justa mundialista, cantidad que no difiere de la que atiende normalmente.<\/p>\n<blockquote>\n<div id=\"div-gpt-ad-inread-637c1945bf2e3800136fe07f\" data-name=\"inread\" data-size=\"[[336,250], [300,250]]\"><\/div>\n<p>\u201cNuestra venta normal s\u00ed estuvo, pero nadie vino a ver futbol, pese a que fue domingo. Este martes tenemos programado un cambio de horario, para abrir desde las 10 de la ma\u00f1ana en las cinco sucursales de la ciudad, para cuadrar con el partido de M\u00e9xico, y tambi\u00e9n se har\u00e1n din\u00e1micas para cada juego de otras selecciones, pero hay que acudir con la playera del equipo que se apoya\u201d, dijo.<\/p><\/blockquote>\n<p>Cabe se\u00f1alar que aun con el\u00a0<strong>inicio \u201cflojo\u201d<\/strong>\u00a0en el centro, Julio Villarreal Zapata, director de Canirac Canc\u00fan, se\u00f1al\u00f3 que muchos establecimientos presentaron ocupaciones del 100%, inclusive con listas de espera, lo que representa un incremento del 30 o 35%.<\/p>\n<p>Destac\u00f3 que estos son buenos n\u00fameros, sobre todo tras una operaci\u00f3n de alrededor del 70% durante la temporada de verano, y se espera que el ritmo se mantenga as\u00ed hasta el fin del torneo.<\/p>\n<blockquote><p>\u201cNo todos los restaurantes transmiten todos los partidos porque hay algunos que son exclusivos de un canal (\u2026) se espera que estos repuntes marquen el inicio de la temporada vacacional 2023\u201d, dijo.<\/p><\/blockquote>\n<h2>Sector restaurantero no tendr\u00e1 problemas con los partidos del Tri<\/h2>\n<div id=\"div-gpt-ad-inread-2-637c1945bf2e3800136fe07f\" data-name=\"inread\" data-size=\"[[336,250], [300,250]]\"><\/div>\n<p>Por su parte, Marcy Bezaleel Pacheco, presidente de Canirac Quintana Roo, record\u00f3 que los aproximadamente\u00a0<strong>tres mil 800 establecimientos del sector restaurantero<\/strong>\u00a0en Canc\u00fan no tendr\u00e1n problemas para adaptarse a la mayor\u00eda de los partidos, sobre todo los de la Selecci\u00f3n Mexicana.<\/p>\n<p>Aunque los que se disputan antes de las 10:00 horas, s\u00f3lo podr\u00e1n verse desde los hogares o si acaso, en los lobbys de los hoteles.<\/p>\n<p>Por \u00faltimo, Villareal Zapata sugiri\u00f3 a la clientela preguntar si el restaurante cuenta con un sistema de reservaciones, o llegar con hasta 40 minutos de antelaci\u00f3n, sobre todo para los partidos de M\u00e9xico o de aquellas selecciones que m\u00e1s porra tienen a nivel local, que son las de Norte y Sudam\u00e9rica.<\/p>\n<\/div>\n<\/div>\n","protected":false},"excerpt":{"rendered":"<p>El inicio de la Copa del Mundo no represent\u00f3 un repunte en las ventas de&#8230;<\/p>\n","protected":false},"author":1,"featured_media":12057,"comment_status":"open","ping_status":"closed","sticky":false,"template":"","format":"standard","meta":{"footnotes":""},"categories":[27,57],"tags":[],"class_list":["post-12055","post","type-post","status-publish","format-standard","has-post-thumbnail","hentry","category-local","category-quintana-roo"],"_links":{"self":[{"href":"https:\/\/chaneltodaycancun.com\/index.php\/wp-json\/wp\/v2\/posts\/12055","targetHints":{"allow":["GET"]}}],"collection":[{"href":"https:\/\/chaneltodaycancun.com\/index.php\/wp-json\/wp\/v2\/posts"}],"about":[{"href":"https:\/\/chaneltodaycancun.com\/index.php\/wp-json\/wp\/v2\/types\/post"}],"author":[{"embeddable":true,"href":"https:\/\/chaneltodaycancun.com\/index.php\/wp-json\/wp\/v2\/users\/1"}],"replies":[{"embeddable":true,"href":"https:\/\/chaneltodaycancun.com\/index.php\/wp-json\/wp\/v2\/comments?post=12055"}],"version-history":[{"count":1,"href":"https:\/\/chaneltodaycancun.com\/index.php\/wp-json\/wp\/v2\/posts\/12055\/revisions"}],"predecessor-version":[{"id":12056,"href":"https:\/\/chaneltodaycancun.com\/index.php\/wp-json\/wp\/v2\/posts\/12055\/revisions\/12056"}],"wp:featuredmedia":[{"embeddable":true,"href":"https:\/\/chaneltodaycancun.com\/index.php\/wp-json\/wp\/v2\/media\/12057"}],"wp:attachment":[{"href":"https:\/\/chaneltodaycancun.com\/index.php\/wp-json\/wp\/v2\/media?parent=12055"}],"wp:term":[{"taxonomy":"category","embeddable":true,"href":"https:\/\/chaneltodaycancun.com\/index.php\/wp-json\/wp\/v2\/categories?post=12055"},{"taxonomy":"post_tag","embeddable":true,"href":"https:\/\/chaneltodaycancun.com\/index.php\/wp-json\/wp\/v2\/tags?post=12055"}],"curies":[{"name":"wp","href":"https:\/\/api.w.org\/{rel}","templated":true}]}}