{"id":12076,"date":"2022-11-23T15:18:07","date_gmt":"2022-11-23T20:18:07","guid":{"rendered":"https:\/\/chaneltodaycancun.com\/?p=12076"},"modified":"2022-11-23T20:18:08","modified_gmt":"2022-11-23T20:18:08","slug":"ocde-elevo-el-pib-de-mexico-a-2-5-en-2022","status":"publish","type":"post","link":"https:\/\/chaneltodaycancun.com\/index.php\/2022\/11\/23\/ocde-elevo-el-pib-de-mexico-a-2-5-en-2022\/","title":{"rendered":"OCDE elev\u00f3 el PIB de M\u00e9xico a 2.5% en 2022"},"content":{"rendered":"<h4 class=\"article-subheadline\" style=\"text-align: center;\">Si bien identifican a las exportaciones como un factor que seguir\u00e1 moviendo a la actividad econ\u00f3mica, advierten que su dinamismo se ver\u00e1 mitigado por la desaceleraci\u00f3n de EEUU<\/h4>\n<div class=\"byline\">\n<div class=\"byline-text-wrapper\">\n<p class=\"paragraph\">La Organizaci\u00f3n para la Cooperaci\u00f3n y el Desarrollo Econ\u00f3micos (<b>OCDE<\/b>) subi\u00f3 su expectativa<b>\u00a0para<\/b>\u00a0<b>M\u00e9xico<\/b>\u00a0y ahora anticipa que el Producto Interno Bruto (<b>PIB<\/b>) en este a\u00f1o registrar\u00e1\u00a0<b>un crecimiento de 2.5 por ciento<\/b>.<\/p>\n<p><a id=\"recommended-card-0\" class=\"recommended-card recommended-card--infobae\" href=\"https:\/\/www.infobae.com\/america\/colombia\/2022\/11\/21\/pib-de-colombia-tuvo-uno-de-los-mayores-crecimientos-entre-los-paises-de-la-ocde\/\" target=\"_blank\" rel=\"noopener noreferrer\" aria-label=\"PIB de Colombia tuvo uno de los mayores crecimientos entre los pa\u00edses de la Ocde\"><\/a><\/p>\n<p class=\"paragraph\">Este\u00a0pron\u00f3stico se encuentra arriba de 2.1% estimado por los economistas\u00a0de la entidad en septiembre y supone un segundo incremento consecutivo sobre sus pron\u00f3sticos en tres meses.<\/p>\n<div class=\"inline ad-wrapper\">\n<div class=\"dfpAd display_inline_block ad_margin_wrapper\">\n<p class=\"paragraph\">En la actualizaci\u00f3n de expectativas econ\u00f3micas, los expertos de la OCDE consignaron en esta revisi\u00f3n el s\u00f3lido crecimiento de la actividad en los primeros tres trimestres del a\u00f1o, as\u00ed como el fortalecimiento del consumo respaldado por la\u00a0<b>mejora gradual del mercado labora<\/b>l. Sin embargo, matizaron que la<b>\u00a0inflaci\u00f3n\u00a0<\/b>ha comenzado a atenuar la capacidad de gasto y consumo de hogares y empresas.<\/p>\n<p class=\"paragraph\"><b>\u201cM\u00e9xico es una econom\u00eda con un gran potencial<\/b>\u00a0de crecimiento y vemos oportunidades de reforma para hacer realidad ese potencial\u201d, dijo Alberto Gonz\u00e1lez Pandiella, jefe de divisi\u00f3n interino de la OCDE.<\/p>\n<p class=\"paragraph\">La nueva previsi\u00f3n de la OCDE se encuentra arriba de los pron\u00f3sticos actualizados del Fondo Monetario Internacional (<b>FMI<\/b>) que est\u00e1 en<b>\u00a02.1%<\/b>; de la Comisi\u00f3n Econ\u00f3mica para Am\u00e9rica Latina y el Caribe (<b>Cepal<\/b>) de\u00a0<b>1.9%<\/b>\u00a0y el de\u00a0<b>Banco Mundia<\/b>l que se ubica en\u00a0<b>1.8 %<\/b>\u00a0y est\u00e1 en l\u00ednea con la previsi\u00f3n puntual del gobierno mexicano de 2.4 por ciento.<\/p>\n<p class=\"paragraph\">Para el<b>\u00a02023<\/b>, los expertos de la entidad estimaron que el PIB conseguir\u00e1 un avance de\u00a0<b>1.6%<\/b>\u00a0que incorpora un ligero ajuste al alza desde el 1.5% estimado en septiembre y est\u00e1 lejos de 3% bajo el que desarroll\u00f3 el gobierno mexicano su\u00a0<b>presupuesto<\/b>\u00a0federal.<\/p>\n<p class=\"paragraph\">En tanto que para 2024 aventura que la econom\u00eda mexicana crecer\u00e1 un 2.1 por ciento.<\/p>\n<p class=\"paragraph\">Si bien identifican a las<b>\u00a0exportaciones como un factor\u00a0<\/b>que seguir\u00e1 moviendo a la actividad econ\u00f3mica, advierten que su dinamismo se ver\u00e1 mitigado por la desaceleraci\u00f3n de Estados Unidos y un mayor impacto de la inflaci\u00f3n.<\/p>\n<blockquote class=\"color_figcaption\"><p>\u201cLa producci\u00f3n de miner\u00eda y construcci\u00f3n se contrajo recientemente, aunque la producci\u00f3n de autom\u00f3viles sigue resistiendo, gracias a la relajaci\u00f3n de las restricciones de suministro\u201d<\/p><\/blockquote>\n<p class=\"paragraph\">En el documento, el economista en jefe de la OCDE,\u00a0<b>\u00c1lvaro Santos Pereira\u00a0<\/b>acot\u00f3 que el escenario central de la entidad no es de una recesi\u00f3n mundial pero s\u00ed anticipan una significativa desaceleraci\u00f3n econ\u00f3mica que se presentar\u00e1 en un ambiente de inflaci\u00f3n.<\/p>\n<p class=\"paragraph\">Estiman que el PIB de Estados Unidos registrar\u00e1 el pr\u00f3ximo a\u00f1o un avance de apenas 0.5% tras un crecimiento de 1.8% en 2022.<\/p>\n<h2 class=\"header\">Inflaci\u00f3n arriba a\u00fan en el 2022<\/h2>\n<p class=\"paragraph\">Los expertos de la OCDE estiman que la inflaci\u00f3n disminuir\u00e1 en el 2023 tras el notable incremento registrado en el 2022. Proyectaron que la variaci\u00f3n del \u00cdndice Nacional de Precios al Consumidor (<b>INPC<\/b>) este a\u00f1o ser\u00e1 de 8% anual, que apenas se va a desacelerar a 5.7% en el 2023.<\/p>\n<p class=\"paragraph\">De hecho, consignaron que \u201cexiste el riesgo de que los mecanismos de formaci\u00f3n de precios se vean afectados de forma generalizada\u201d. La sugerencia es entonces \u201ccontinuar con una agresiva pol\u00edtica monetaria que permita anclar las expectativas de inflaci\u00f3n.<\/p>\n<p class=\"paragraph\">Los economistas sugirieron: fortalecer la independencia de autoridades y reguladores de competencia y productividad as\u00ed como mejorar su financiamiento, esto para incentivar el crecimiento econ\u00f3mico.<\/p>\n<\/div>\n<\/div>\n<\/div>\n<\/div>\n","protected":false},"excerpt":{"rendered":"<p>Si bien identifican a las exportaciones como un factor que seguir\u00e1 moviendo a la actividad&#8230;<\/p>\n","protected":false},"author":1,"featured_media":12078,"comment_status":"open","ping_status":"closed","sticky":false,"template":"","format":"standard","meta":{"footnotes":""},"categories":[37,40],"tags":[],"class_list":["post-12076","post","type-post","status-publish","format-standard","has-post-thumbnail","hentry","category-nacional","category-politica"],"_links":{"self":[{"href":"https:\/\/chaneltodaycancun.com\/index.php\/wp-json\/wp\/v2\/posts\/12076","targetHints":{"allow":["GET"]}}],"collection":[{"href":"https:\/\/chaneltodaycancun.com\/index.php\/wp-json\/wp\/v2\/posts"}],"about":[{"href":"https:\/\/chaneltodaycancun.com\/index.php\/wp-json\/wp\/v2\/types\/post"}],"author":[{"embeddable":true,"href":"https:\/\/chaneltodaycancun.com\/index.php\/wp-json\/wp\/v2\/users\/1"}],"replies":[{"embeddable":true,"href":"https:\/\/chaneltodaycancun.com\/index.php\/wp-json\/wp\/v2\/comments?post=12076"}],"version-history":[{"count":1,"href":"https:\/\/chaneltodaycancun.com\/index.php\/wp-json\/wp\/v2\/posts\/12076\/revisions"}],"predecessor-version":[{"id":12077,"href":"https:\/\/chaneltodaycancun.com\/index.php\/wp-json\/wp\/v2\/posts\/12076\/revisions\/12077"}],"wp:featuredmedia":[{"embeddable":true,"href":"https:\/\/chaneltodaycancun.com\/index.php\/wp-json\/wp\/v2\/media\/12078"}],"wp:attachment":[{"href":"https:\/\/chaneltodaycancun.com\/index.php\/wp-json\/wp\/v2\/media?parent=12076"}],"wp:term":[{"taxonomy":"category","embeddable":true,"href":"https:\/\/chaneltodaycancun.com\/index.php\/wp-json\/wp\/v2\/categories?post=12076"},{"taxonomy":"post_tag","embeddable":true,"href":"https:\/\/chaneltodaycancun.com\/index.php\/wp-json\/wp\/v2\/tags?post=12076"}],"curies":[{"name":"wp","href":"https:\/\/api.w.org\/{rel}","templated":true}]}}