{"id":12148,"date":"2022-11-27T09:00:30","date_gmt":"2022-11-27T14:00:30","guid":{"rendered":"https:\/\/chaneltodaycancun.com\/?p=12148"},"modified":"2022-11-26T14:02:43","modified_gmt":"2022-11-26T14:02:43","slug":"canta-y-no-llores-gobernadora-de-arauca-se-fue-a-cancun-y-podria-ser-destituida","status":"publish","type":"post","link":"https:\/\/chaneltodaycancun.com\/index.php\/2022\/11\/27\/canta-y-no-llores-gobernadora-de-arauca-se-fue-a-cancun-y-podria-ser-destituida\/","title":{"rendered":"\u00bfCanta y no llores?: gobernadora de Arauca se fue a Canc\u00fan y podr\u00eda ser destituida"},"content":{"rendered":"<section class=\"sc-1od3j49-1 bEHWLV\">Por abandono del cargo, el gobierno Petro le inici\u00f3 un proceso administrativo a Indira Barrios Guarnizo, gobernadora encargada de Arauca. No es la primera investigaci\u00f3n que enfrenta en apenas 10 meses en el cargo.<\/p>\n<\/section>\n<section>\n<div class=\"sc-i99mgx-0 ibkQDS\">\n<div class=\"block-text\">\n<p>El 24 de febrero del 2022, Indira Guarnizo Barrios se posesion\u00f3 como gobernadora encargada del departamento de Arauca, ante la medida de aseguramiento que le fue impuesta a su antecesor, Facundo Castillo,\u00a0<strong>quien fue acusado por la Fiscal\u00eda por irregularidades en contrataciones p\u00fablicas y adem\u00e1s es investigado por presuntos nexos con el ELN.<\/strong><\/p>\n<\/div>\n<\/div>\n<div class=\"sc-i99mgx-0 ibkQDS\">\n<div class=\"block-text\">\n<p>Aunque la abogada Barrios Guarnizo no es oriunda del departamento, ha desempe\u00f1ado varios cargos en entidades p\u00fablicas de Arauca, principalmente en la Procuradur\u00eda Regional y en la gobernaci\u00f3n. Justamente,<strong>\u00a0Indira Barrios trabaj\u00f3 como asesora legal de esta \u00faltima entidad mientras Castillo segu\u00eda siendo gobernador.<\/strong><\/p>\n<div class=\"sc-i99mgx-0 ibkQDS\">\n<div class=\"block-text\">\n<p>Su designaci\u00f3n la hizo el ministro del Interior del gobierno Duque, Daniel Palacios, a trav\u00e9s del\u00a0<strong>decreto 230 del 16 de febrero del 2022\u00a0<\/strong>al escoger su nombre por encima de los otros dos presentados en una terna por Cambio Radical, partido que le dio el aval al exgobernador Facundo Castillo.<\/p>\n<\/div>\n<\/div>\n<div class=\"sc-i99mgx-0 ibkQDS\">\n<div class=\"block-text\">\n<p>El relevo del cargo lo recibi\u00f3 Barrios Guarnizo del general retirado y excomandante del Ej\u00e9rcito Nacional,\u00a0<strong>Alejandro Miguel Navas<\/strong>, quien fue encargado por el gobierno Duque desde noviembre del 2021 de estar al frente del departamento mientras se escog\u00eda a uno de los nombres de la terna.<strong>\u00a0Navas fue llamado en julio de este a\u00f1o por la Justicia Especial para la Paz (JEP)<\/strong>\u00a0para que rindiera versi\u00f3n voluntaria en medio de una investigaci\u00f3n de ese tribunal sobre hechos de violencia contra la poblaci\u00f3n por parte de la Brigada 17 del ej\u00e9rcito en el Urab\u00e1, ya que el general retirado fue el comandante del Batall\u00f3n Voltigeros durante los a\u00f1os 1995, 1996 y 1997.<\/p>\n<\/div>\n<\/div>\n<div class=\"sc-i99mgx-0 ibkQDS\">\n<div class=\"block-text\">\n<p>Navas tambi\u00e9n fue investigado en el 2013 por la masacre de La Horqueta ocurrida en noviembre de 1997, cuando 14 campesinos fueron asesinados en jurisdicci\u00f3n del municipio de Tocaima, Cundinamarca, presuntamente por paramilitares en complicidad de miembros del Ej\u00e9rcito Nacional.\u00a0<strong>Navas era comandante del batall\u00f3n de La Mesa durante esa \u00e9poca.<\/strong><\/p>\n<\/div>\n<\/div>\n<div class=\"sc-i99mgx-0 ibkQDS\">\n<div class=\"block-text\">\n<h3>Empezaron los problemas<\/h3>\n<\/div>\n<\/div>\n<div class=\"sc-i99mgx-0 ibkQDS\">\n<div class=\"block-text\">\n<p>Aunque Indira Barrios se encomend\u00f3 a Dios en los primeros meses de su encargo en la gobernaci\u00f3n de Arauca,\u00a0<strong>las pol\u00e9micas empezaron a llegar en julio de este a\u00f1o.<\/strong>\u00a0En ese momento, la representante electa a la C\u00e1mara por Arauca, e integrante Cambio Radical,\u00a0<strong>Lina Mar\u00eda Garrido<\/strong>, denunci\u00f3 que la gobernadora encargada podr\u00eda haber incurrido en un supuesto caso de corrupci\u00f3n por un proceso de contrataci\u00f3n por m\u00e1s de\u00a0<strong>124 mil millones del Sistema General de Regal\u00edas con la Asociaci\u00f3n Regional de Municipios del Caribe (Aremca).<\/strong><\/p>\n<div class=\"sc-i99mgx-0 ibkQDS\">\n<div class=\"block-text\">\n<p>Seg\u00fan la representante,<strong>\u00a0Aremca no cuenta con la capacidad financiera para ejecutar tres de los cinco proyectos que se van a adelantar por m\u00e1s de $91.000 millones en el departamento<\/strong>\u00a0relacionados con la construcci\u00f3n obras de protecci\u00f3n en vereda La Yuca, sector el Muerto y vereda El Torno, los sectores El Lim\u00f3n y el Guamo en el municipio de Arauca, la construcci\u00f3n de la red de alcantarillado en el municipio de Arauca, adem\u00e1s de obras complementarias para el mejoramiento del relleno sanitario municipal del municipio de Tame.<\/p>\n<\/div>\n<\/div>\n<div class=\"sc-i99mgx-0 ibkQDS\">\n<div class=\"block-text\">\n<p>Incluso el entonces senador\u00a0<strong>Rodolfo Hern\u00e1ndez tambi\u00e9n hizo una denuncia en contra de la gobernadora Barrios en septiembre del 2022.<\/strong>\u00a0El excandidato presidencial santanderano dijo en ese momento que ese mismo proceso de 124 mil millones hab\u00eda sido asignado de manera directa y no por licitaci\u00f3n p\u00fablica, cuestionando la idoneidad de Aremca.<\/p>\n<div class=\"sc-i99mgx-0 ibkQDS\">\n<div class=\"block-text\">\n<p><strong>Aremca tiene un llamativo historial de fallos de responsabilidad fiscal de parte de la Contralor\u00eda por sus procesos de contrataci\u00f3n en los municipios de Mompox, y Calamar, en Bol\u00edvar<\/strong>, donde ya hay un fallo con responsabilidad fiscal por incumplimiento en un contrato de obra p\u00fablica. Justamente, Barrios naci\u00f3 en ese departamento, m\u00e1s exactamente en el municipio de San Juan Nepomuceno.<\/p>\n<\/div>\n<\/div>\n<div class=\"sc-i99mgx-0 ibkQDS\">\n<div class=\"block-text\">\n<p>La respuesta de la gobernadora fue\u00a0<strong>denunciar a la representante Lina Garrido ante la Corte Suprema de Justicia por injuria y calumnia.<\/strong><\/p>\n<\/div>\n<\/div>\n<div class=\"sc-i99mgx-0 ibkQDS\">\n<div class=\"block-text\">\n<p>A\u00fan as\u00ed, el pasado 20 de noviembre,\u00a0<strong>la Procuradur\u00eda anunci\u00f3 que abri\u00f3 investigaci\u00f3n formal en contra de la gobernadora encargada por este multimillonario proceso de contrataci\u00f3n.<\/strong><\/p>\n<\/div>\n<\/div>\n<div class=\"sc-i99mgx-0 ibkQDS\">\n<div class=\"block-text\">\n<h3>El viaje que le sali\u00f3 caro a la gobernadora<\/h3>\n<\/div>\n<\/div>\n<div class=\"sc-i99mgx-0 ibkQDS\">\n<div class=\"block-text\">\n<p>Aunque Indira Barrios segu\u00eda en su cargo a pesar de los cuestionamientos y la investigaci\u00f3n, lo que motiv\u00f3 a el gobierno nacional a abrir un proceso administrativo en su contra fue<strong>\u00a0el viaje que hizo a Canc\u00fan que hizo el 16 de octubre de este a\u00f1o.<\/strong><\/p>\n<\/div>\n<\/div>\n<div class=\"sc-i99mgx-0 ibkQDS\">\n<div class=\"block-text\">\n<p>Si bien la gobernadora regres\u00f3 el 21 de octubre a sus funciones, su salida del pa\u00eds no pas\u00f3 desapercibida y nuevamente la representante Garrido y el diputado de Arauca Willington Rodr\u00edguez\u00a0<strong>denunciaron que Indira Barrios se fue a M\u00e9xico sin la autorizaci\u00f3n ni del Ejecutivo ni de la Asamblea del departamento como lo exige la ley.<\/strong><\/p>\n<\/div>\n<\/div>\n<div class=\"sc-i99mgx-0 ibkQDS\">\n<div class=\"block-text\">\n<p>Seg\u00fan revel\u00f3 El Tiempo, l<strong>a gobernadora encargada habr\u00eda acudido a un \u2018autopermiso\u2019 a trav\u00e9s de las resoluciones 2899 y 2900,\u00a0<\/strong>que ella misma firm\u00f3 y en las que no aclara las razones por las que se iba a ausentar temporalmente del territorio nacional.<\/p>\n<\/div>\n<\/div>\n<div class=\"sc-i99mgx-0 ibkQDS\">\n<div class=\"block-text\">\n<p>La denuncia motiv\u00f3 que desde la presidencia misma se le iniciara un proceso administrativo a Barrios\u00a0<strong>por supuesto abandono del cargo.<\/strong><\/p>\n<div class=\"sc-i99mgx-0 ibkQDS\">\n<div class=\"block-text\">\n<p>A trav\u00e9s del trav\u00e9s del decreto 2305 de 2022, el ministro del Interior, Alfonso Prada,\u00a0<strong>requiere a la gobernadora Barrios para que explique y presente los descargos en un plazo de cinco d\u00edas a partir de la notificaci\u00f3n.<\/strong><\/p>\n<\/div>\n<\/div>\n<div class=\"sc-i99mgx-0 ibkQDS\">\n<div class=\"block-text\">\n<p>Adem\u00e1s,\u00a0<strong>el gobierno le pidi\u00f3 a Migraci\u00f3n Colombia certificar si Barrios Guarnizo abandon\u00f3 el territorio nacional\u00a0<\/strong>durante el mes de octubre de 2022.<\/p>\n<\/div>\n<\/div>\n<div class=\"sc-i99mgx-0 ibkQDS\">\n<div class=\"block-text\">\n<p>La gobernadora no se ha pronunciado oficialmente sobre la situaci\u00f3n y<strong>\u00a0el departamento de Arauca sigue afectado por una oleada de violencia que ha disparado las cifras de homicidios\u00a0<\/strong>y mantiene la grave problem\u00e1tica de reclutamiento forzado.<\/p>\n<\/div>\n<\/div>\n<\/div>\n<\/div>\n<\/div>\n<\/div>\n<\/div>\n<\/div>\n<\/div>\n<\/div>\n<\/section>\n","protected":false},"excerpt":{"rendered":"<p>Por abandono del cargo, el gobierno Petro le inici\u00f3 un proceso administrativo a Indira Barrios&#8230;<\/p>\n","protected":false},"author":1,"featured_media":12150,"comment_status":"open","ping_status":"closed","sticky":false,"template":"","format":"standard","meta":{"footnotes":""},"categories":[27,57],"tags":[],"class_list":["post-12148","post","type-post","status-publish","format-standard","has-post-thumbnail","hentry","category-local","category-quintana-roo"],"_links":{"self":[{"href":"https:\/\/chaneltodaycancun.com\/index.php\/wp-json\/wp\/v2\/posts\/12148","targetHints":{"allow":["GET"]}}],"collection":[{"href":"https:\/\/chaneltodaycancun.com\/index.php\/wp-json\/wp\/v2\/posts"}],"about":[{"href":"https:\/\/chaneltodaycancun.com\/index.php\/wp-json\/wp\/v2\/types\/post"}],"author":[{"embeddable":true,"href":"https:\/\/chaneltodaycancun.com\/index.php\/wp-json\/wp\/v2\/users\/1"}],"replies":[{"embeddable":true,"href":"https:\/\/chaneltodaycancun.com\/index.php\/wp-json\/wp\/v2\/comments?post=12148"}],"version-history":[{"count":1,"href":"https:\/\/chaneltodaycancun.com\/index.php\/wp-json\/wp\/v2\/posts\/12148\/revisions"}],"predecessor-version":[{"id":12149,"href":"https:\/\/chaneltodaycancun.com\/index.php\/wp-json\/wp\/v2\/posts\/12148\/revisions\/12149"}],"wp:featuredmedia":[{"embeddable":true,"href":"https:\/\/chaneltodaycancun.com\/index.php\/wp-json\/wp\/v2\/media\/12150"}],"wp:attachment":[{"href":"https:\/\/chaneltodaycancun.com\/index.php\/wp-json\/wp\/v2\/media?parent=12148"}],"wp:term":[{"taxonomy":"category","embeddable":true,"href":"https:\/\/chaneltodaycancun.com\/index.php\/wp-json\/wp\/v2\/categories?post=12148"},{"taxonomy":"post_tag","embeddable":true,"href":"https:\/\/chaneltodaycancun.com\/index.php\/wp-json\/wp\/v2\/tags?post=12148"}],"curies":[{"name":"wp","href":"https:\/\/api.w.org\/{rel}","templated":true}]}}