{"id":12316,"date":"2022-12-06T16:06:49","date_gmt":"2022-12-06T21:06:49","guid":{"rendered":"https:\/\/chaneltodaycancun.com\/?p=12316"},"modified":"2022-12-06T21:07:01","modified_gmt":"2022-12-06T21:07:01","slug":"la-economia-de-mexico-esta-atrapada-en-la-multicrisis-global-2","status":"publish","type":"post","link":"https:\/\/chaneltodaycancun.com\/index.php\/2022\/12\/06\/la-economia-de-mexico-esta-atrapada-en-la-multicrisis-global-2\/","title":{"rendered":"La econom\u00eda de M\u00e9xico est\u00e1 atrapada en la \u2018multicrisis global\u2019"},"content":{"rendered":"<div class=\"row\">\n<div class=\"col-sm-xl-12 layout-section wrap-bottom\">\n<h4 class=\"primary-font__PrimaryFontStyles-o56yd5-0 heuGTu h4-primary sub-headline\" style=\"text-align: center;\">Diversas crisis en el entorno internacional se presentan de manera simult\u00e1nea, algo que nunca se hab\u00edan visto, y perjudican el desarrollo de los pa\u00edses.<\/h4>\n<div class=\"default__StyledDiv-cj38t1-0 gCPfDm share-bar\"><\/div>\n<\/div>\n<\/div>\n<div class=\"row\">\n<aside class=\"col-sm-md-12 col-lg-xl-3 left-article-section ie-flex-100-percent-sm layout-section wrap-bottom\">\n<div class=\"columnist-focus display_flex--sm display_flex--md display_block--lg\">\n<p class=\"default__StyledText-xb1qmn-0 cgXrXK body-paragraph\">La econom\u00eda mexicana se encuentra inmersa en un estancamiento que tiene varias causas internas, como son la ca\u00edda en la inversi\u00f3n tanto p\u00fablica como privada, la debilidad del Estado de derecho, que incrementa la incertidumbre, as\u00ed como la violencia que afecta a distintas partes del territorio nacional y otras causas m\u00e1s.<\/p>\n<p class=\"default__StyledText-xb1qmn-0 cgXrXK body-paragraph\">Adicional a lo anterior hay una coincidencia de muy diversas crisis en el entorno internacional que nunca hab\u00eda visto y que perjudica el desarrollo de los pa\u00edses, incluido M\u00e9xico. En otras \u00e9pocas se tuvieron crisis bancarias o de elevada inflaci\u00f3n, inmobiliarias o de elevados niveles de endeudamiento, pero en este momento hay una gran cantidad de diversas crisis que afectan al mundo de manera simult\u00e1nea. Adicional a esto, la soluci\u00f3n para resolver algunas de ellas son con frecuencia la causa de otra crisis en otro sector o regi\u00f3n.<\/p>\n<p class=\"default__StyledText-xb1qmn-0 cgXrXK body-paragraph\">Entre las principales crisis que enfrenta el mundo y en consecuencia tienen un impacto negativo en M\u00e9xico est\u00e1n las siguientes:<\/p>\n<p class=\"default__StyledText-xb1qmn-0 cgXrXK body-paragraph\"><b>1)<\/b>\u00a0Creciente inflaci\u00f3n en la gran mayor\u00eda de los pa\u00edses desarrollados, lo cual dificulta el correcto funcionamiento del sistema de mercado y la correcta asignaci\u00f3n de recursos.<\/p>\n<p class=\"default__StyledText-xb1qmn-0 cgXrXK body-paragraph\"><b>2)<\/b>\u00a0La desaceleraci\u00f3n de las econom\u00edas e incluso recesi\u00f3n en varios casos, como ya sucede en Alemania, Holanda, Gran Breta\u00f1a, Chile, Hong Kong, y otros que registraron datos negativos del PIB en el trimestre pasado.<\/p>\n<p class=\"default__StyledText-xb1qmn-0 cgXrXK body-paragraph\"><b>3)<\/b>\u00a0La pandemia provocada por el Covid, que no ha podido ser controlada en diversos pa\u00edses, perjudicando los procesos productivos y el abastecimiento de insumos en numerosas industrias y \u00e1reas del planeta.<\/p>\n<p class=\"default__StyledText-xb1qmn-0 cgXrXK body-paragraph\"><b>4)<\/b>\u00a0La elevada deuda, tanto p\u00fablica como privada a nivel global, cuyos datos son muy preocupantes. Se calcula que la misma representaba 200 por ciento del PIB global en el a\u00f1o de 1999, subiendo a 350 por ciento en 2021 y ahora llega a 420 por ciento en las econom\u00edas desarrolladas y a 330 por ciento en China. Cuando las tasas de inter\u00e9s eran cercanas a cero por ciento, su pago no era significativo, pero con el actual incremento de \u00e9stas, su servicio es impagable para varias empresas y gobiernos.<\/p>\n<p class=\"default__StyledText-xb1qmn-0 cgXrXK body-paragraph\"><b>5)<\/b>\u00a0El proceso de globalizaci\u00f3n se ha frenado y en varios casos se est\u00e1 revirtiendo, como resultado del incremento del riesgo pol\u00edtico en diversas naciones, lo cual encarece los procesos productivos con su impacto en inflaci\u00f3n y empleo.<\/p>\n<p class=\"default__StyledText-xb1qmn-0 cgXrXK body-paragraph\"><b>6)<\/b>\u00a0El menor crecimiento de la poblaci\u00f3n en los principales pa\u00edses desarrollados, lo cual modifica la pir\u00e1mide de edades, agravando el problema del fondeo de las pensiones y reduce el consumo y la oferta de trabajo. Ya son varios los pa\u00edses que tienen nacimientos por debajo del n\u00famero de decesos, lo que significa reducci\u00f3n neta de la poblaci\u00f3n.<\/p>\n<p class=\"default__StyledText-xb1qmn-0 cgXrXK body-paragraph\"><b>7)<\/b>\u00a0Brinco generacional, en el cual la mayor\u00eda de la poblaci\u00f3n es joven y no vivieron en periodos de elevada inflaci\u00f3n y recesi\u00f3n, por lo cual desconocen los riesgos econ\u00f3micos que el nuevo entorno tiene.<\/p>\n<p class=\"default__StyledText-xb1qmn-0 cgXrXK body-paragraph\"><b>8)<\/b>\u00a0Revoluci\u00f3n tecnol\u00f3gica, que al igual que la Revoluci\u00f3n Industrial del siglo XIX, transforma de manera radical los procesos productivos, dejando a amplios sectores de la poblaci\u00f3n en el desempleo o con trabajos de muy baja productividad y por ende de bajos salarios.<\/p>\n<p class=\"default__StyledText-xb1qmn-0 cgXrXK body-paragraph\"><b>9)<\/b>\u00a0Revoluci\u00f3n educativa en varios pa\u00edses, que permite que su poblaci\u00f3n pueda integrarse al nuevo entorno productivo, por lo que pueden beneficiarse del nuevo entorno.<\/p>\n<p class=\"default__StyledText-xb1qmn-0 cgXrXK body-paragraph\"><b>10)<\/b>\u00a0La invasi\u00f3n de Ucrania por parte de Rusia, que reaviva la Guerra Fr\u00eda de la segunda mitad del siglo pasado.<\/p>\n<p class=\"default__StyledText-xb1qmn-0 cgXrXK body-paragraph\"><b>11)<\/b>\u00a0La crisis inmobiliaria, de deuda y la provocada por el Covid en China, que cambia su rol como motor importante del crecimiento global.<\/p>\n<p class=\"default__StyledText-xb1qmn-0 cgXrXK body-paragraph\">Adicional a los anteriores existen diversas crisis pol\u00edticas y sociales en el mundo que tienen un importante impacto en nuestra econom\u00eda. Es posible corregir cada una de las anteriores de manera individual, pero al ocurrir de manera simult\u00e1nea, es mucho m\u00e1s dif\u00edcil. Por ejemplo, el bajo crecimiento econ\u00f3mico se puede enfrentar con pol\u00edticas monetarias y fiscales expansivas, pero en el actual entorno hacer esto empeora el problema inflacionario; como sucedi\u00f3 en Inglaterra hace algunos meses, cuando la entrante primera ministra anunci\u00f3 reducci\u00f3n de impuestos creando as\u00ed una grave crisis financiera e incluso pol\u00edtica.<\/p>\n<p class=\"default__StyledText-xb1qmn-0 cgXrXK body-paragraph\">Hay que enfatizar que cada una de las crisis enumeradas anteriormente que afectan al mundo, tambi\u00e9n ofrecen una gran oportunidad a M\u00e9xico, ya sea por su ubicaci\u00f3n o por sus recursos naturales, por el tipo de poblaci\u00f3n que tiene o por su clima y por otros muchos factores. Sin embargo, para aprovecharlas se requiere toda una estrategia que involucre tanto al sector privado como al p\u00fablico.<\/p>\n<\/div>\n<\/aside>\n<\/div>\n","protected":false},"excerpt":{"rendered":"<p>Diversas crisis en el entorno internacional se presentan de manera simult\u00e1nea, algo que nunca se&#8230;<\/p>\n","protected":false},"author":1,"featured_media":12318,"comment_status":"open","ping_status":"closed","sticky":false,"template":"","format":"standard","meta":{"footnotes":""},"categories":[40],"tags":[],"class_list":["post-12316","post","type-post","status-publish","format-standard","has-post-thumbnail","hentry","category-politica"],"_links":{"self":[{"href":"https:\/\/chaneltodaycancun.com\/index.php\/wp-json\/wp\/v2\/posts\/12316","targetHints":{"allow":["GET"]}}],"collection":[{"href":"https:\/\/chaneltodaycancun.com\/index.php\/wp-json\/wp\/v2\/posts"}],"about":[{"href":"https:\/\/chaneltodaycancun.com\/index.php\/wp-json\/wp\/v2\/types\/post"}],"author":[{"embeddable":true,"href":"https:\/\/chaneltodaycancun.com\/index.php\/wp-json\/wp\/v2\/users\/1"}],"replies":[{"embeddable":true,"href":"https:\/\/chaneltodaycancun.com\/index.php\/wp-json\/wp\/v2\/comments?post=12316"}],"version-history":[{"count":1,"href":"https:\/\/chaneltodaycancun.com\/index.php\/wp-json\/wp\/v2\/posts\/12316\/revisions"}],"predecessor-version":[{"id":12317,"href":"https:\/\/chaneltodaycancun.com\/index.php\/wp-json\/wp\/v2\/posts\/12316\/revisions\/12317"}],"wp:featuredmedia":[{"embeddable":true,"href":"https:\/\/chaneltodaycancun.com\/index.php\/wp-json\/wp\/v2\/media\/12318"}],"wp:attachment":[{"href":"https:\/\/chaneltodaycancun.com\/index.php\/wp-json\/wp\/v2\/media?parent=12316"}],"wp:term":[{"taxonomy":"category","embeddable":true,"href":"https:\/\/chaneltodaycancun.com\/index.php\/wp-json\/wp\/v2\/categories?post=12316"},{"taxonomy":"post_tag","embeddable":true,"href":"https:\/\/chaneltodaycancun.com\/index.php\/wp-json\/wp\/v2\/tags?post=12316"}],"curies":[{"name":"wp","href":"https:\/\/api.w.org\/{rel}","templated":true}]}}