{"id":12394,"date":"2022-12-10T17:32:39","date_gmt":"2022-12-10T22:32:39","guid":{"rendered":"https:\/\/chaneltodaycancun.com\/?p=12394"},"modified":"2022-12-10T22:32:41","modified_gmt":"2022-12-10T22:32:41","slug":"inicia-el-plan-de-seguridad-vacacional-en-quintana-roo-2022-en-cancun","status":"publish","type":"post","link":"https:\/\/chaneltodaycancun.com\/index.php\/2022\/12\/10\/inicia-el-plan-de-seguridad-vacacional-en-quintana-roo-2022-en-cancun\/","title":{"rendered":"Inicia el \u00abPlan de Seguridad Vacacional en Quintana Roo 2022\u00bb en Canc\u00fan"},"content":{"rendered":"<div id=\"mvp-post-feat-img\" class=\"left relative mvp-post-feat-img-wide2\">La Presidenta Municipal de Benito Ju\u00e1rez, Ana Patricia Peralta particip\u00f3 en el banderazo de inicio realizado por la gobernadora del estado, Mara Lezama.<\/div>\n<div id=\"mvp-content-wrap\" class=\"left relative\">\n<div id=\"mvp-content-body\" class=\"left relative\">\n<div id=\"mvp-content-body-top\" class=\"left relative\">\n<div id=\"mvp-content-main\" class=\"left relative\">\n<div id=\"tps_slideContainer_125779\" class=\"theiaPostSlider_slides\">\n<div class=\"theiaPostSlider_preloadedSlide\">\n<p>Este s\u00e1bado arranc\u00f3 en Canc\u00fan, el \u00abPlan de Seguridad Vacacional en Quintana Roo 2022\u00ab, que se apresta a recibir millones de visitantes en esta temporada alta de invierno.<\/p>\n<p>El banderazo de salida estuvo a cargo de la Presidenta Municipal de Benito Ju\u00e1rez,\u00a0Ana Patricia Peralta\u00a0y la gobernadora del estado, Mara Lezama, con el objetivo de garantizar seguridad a los visitantes nacionales y extranjeros durante su estancia en este destino tur\u00edstico.<\/p>\n<p>\u201cCon la participaci\u00f3n de los tres \u00f3rdenes de gobierno, damos inicio al operativo vacacional para en conjunto garantizar que en este periodo decembrino los turistas pasen una Navidad y A\u00f1o Nuevo sin contratiempos para que disfruten de una estancia segura\u201d, afirm\u00f3 la Primera Autoridad Municipal.<\/p>\n<p>Reiter\u00f3 su compromiso de trabajar en unidad con todas y todos los cancunenses, conforme a las estrategias dictadas por la Mesa de Seguridad para la Construcci\u00f3n de la Paz, desde las labores con eficacia, profesionalismo, atenci\u00f3n, calidez y respeto a los derechos humanos para que los visitantes se lleven el mejor recuerdo de Canc\u00fan.<\/p>\n<p>En el Plan de Seguridad Vacacional participar\u00e1n mil 35 elementos, 14 binomios caninos y 93 unidades (patrullas y cuatrimotos) de la Secretar\u00eda de Seguridad P\u00fablica de Quintana Roo, a lo cual se suma la Secretaria de la Defensa Nacional (Sedena), Secretar\u00eda de Marina (Semar), Guardia Nacional, Fiscal\u00eda General de la Rep\u00fablica, Fiscal\u00eda General del Estado, Bomberos, Protecci\u00f3n Civil Municipal y Estatal, as\u00ed como polic\u00edas municipales de los 11 municipios que integran el estado, cuyo objetivo es fortalecer y ofrecer informaci\u00f3n, orientaci\u00f3n, auxilio, prevenir hechos delictivos y accidentes viales.<\/p>\n<p>En este importante acto protocolario asisti\u00f3 el comandante de la Novena Regi\u00f3n Naval, vicealmirante, Gilberto Carballo \u00c1vila; el coronel del 64 Batall\u00f3n de Infanter\u00eda, Samuel Javier Carre\u00f1o; el Magistrado Presidente del Tribunal Superior de Justicia y del Consejo de la Judicatura, Heyden Jos\u00e9 Cebada Rivas; el diputado local, Ren\u00e1n S\u00e1nchez Tajonar; el coordinador estatal de la Guardia Nacional en Quintana Roo, Alberto Rom\u00e1n Gonz\u00e1lez.<\/p>\n<p>Asimismo, la secretaria de gobierno, Cristina Torres G\u00f3mez; el secretario de Seguridad P\u00fablica del Estado, el Contralmirante, Rub\u00e9n Oyarbide Pedrero; el secretario de Turismo, Bernardo Cueto Riestra; el delegado de Programas Federales, Arturo Emiliano Abreu Mar\u00edn; el titular del Instituto Nacional de Migraci\u00f3n, Roberto Gonz\u00e1lez L\u00f3pez, as\u00ed como en representaci\u00f3n del Centro Nacional de Inteligencia en Quintana Roo, Danae Islas Enriquez, entre otros.<\/p>\n<\/div>\n<\/div>\n<\/div>\n<\/div>\n<\/div>\n<\/div>\n","protected":false},"excerpt":{"rendered":"<p>La Presidenta Municipal de Benito Ju\u00e1rez, Ana Patricia Peralta particip\u00f3 en el banderazo de inicio&#8230;<\/p>\n","protected":false},"author":1,"featured_media":12396,"comment_status":"open","ping_status":"closed","sticky":false,"template":"","format":"standard","meta":{"footnotes":""},"categories":[27,57],"tags":[],"class_list":["post-12394","post","type-post","status-publish","format-standard","has-post-thumbnail","hentry","category-local","category-quintana-roo"],"_links":{"self":[{"href":"https:\/\/chaneltodaycancun.com\/index.php\/wp-json\/wp\/v2\/posts\/12394","targetHints":{"allow":["GET"]}}],"collection":[{"href":"https:\/\/chaneltodaycancun.com\/index.php\/wp-json\/wp\/v2\/posts"}],"about":[{"href":"https:\/\/chaneltodaycancun.com\/index.php\/wp-json\/wp\/v2\/types\/post"}],"author":[{"embeddable":true,"href":"https:\/\/chaneltodaycancun.com\/index.php\/wp-json\/wp\/v2\/users\/1"}],"replies":[{"embeddable":true,"href":"https:\/\/chaneltodaycancun.com\/index.php\/wp-json\/wp\/v2\/comments?post=12394"}],"version-history":[{"count":1,"href":"https:\/\/chaneltodaycancun.com\/index.php\/wp-json\/wp\/v2\/posts\/12394\/revisions"}],"predecessor-version":[{"id":12395,"href":"https:\/\/chaneltodaycancun.com\/index.php\/wp-json\/wp\/v2\/posts\/12394\/revisions\/12395"}],"wp:featuredmedia":[{"embeddable":true,"href":"https:\/\/chaneltodaycancun.com\/index.php\/wp-json\/wp\/v2\/media\/12396"}],"wp:attachment":[{"href":"https:\/\/chaneltodaycancun.com\/index.php\/wp-json\/wp\/v2\/media?parent=12394"}],"wp:term":[{"taxonomy":"category","embeddable":true,"href":"https:\/\/chaneltodaycancun.com\/index.php\/wp-json\/wp\/v2\/categories?post=12394"},{"taxonomy":"post_tag","embeddable":true,"href":"https:\/\/chaneltodaycancun.com\/index.php\/wp-json\/wp\/v2\/tags?post=12394"}],"curies":[{"name":"wp","href":"https:\/\/api.w.org\/{rel}","templated":true}]}}