{"id":12400,"date":"2022-12-11T17:36:36","date_gmt":"2022-12-11T22:36:36","guid":{"rendered":"https:\/\/chaneltodaycancun.com\/?p=12400"},"modified":"2022-12-10T22:40:16","modified_gmt":"2022-12-10T22:40:16","slug":"ica-buscan-impulsar-las-actividades-culturales-en-cancun","status":"publish","type":"post","link":"https:\/\/chaneltodaycancun.com\/index.php\/2022\/12\/11\/ica-buscan-impulsar-las-actividades-culturales-en-cancun\/","title":{"rendered":"ICA buscan impulsar las actividades culturales en Canc\u00fan"},"content":{"rendered":"<div class=\"row m-b-15\">\n<div class=\"col-xs-12 col-sm-12 col-md-12 col-lg-12\">\n<h4 class=\"detail-title\" style=\"text-align: center;\">ICA buscan impulsar las actividades culturales en Canc\u00fan<\/h4>\n<\/div>\n<\/div>\n<div class=\"row m-b-8\">\n<p>Autoridades municipales pretenden<strong>\u00a0expandir el talento art\u00edstico y las actividades culturales locales<\/strong>\u00a0para el 2023, por lo que para el resto de diciembre se realizar\u00e1n actividades en busca de este objetivo.<\/p>\n<p>Carlos L\u00f3pez Jim\u00e9nez, director general del<strong>\u00a0Instituto de la Cultura y las Artes (ICA<\/strong>), explic\u00f3 que para el 15 de diciembre se realizar\u00e1 una exposici\u00f3n de arte y escultura, de 10 artistas locales con m\u00e1s de 20 a\u00f1os de experiencia, como parte del inicio de un plan para hacer m\u00e1s constantes las actividades culturales.<\/p>\n<p>Aunque el director adelant\u00f3 que el plan de trabajo del ICA, que incluir\u00e1 todas las actividades planeadas y el presupuesto del pr\u00f3ximo a\u00f1o, este se dar\u00e1 a conocer hasta enero pr\u00f3ximo.<\/p>\n<p><cite><em>\u201cPara la inauguraci\u00f3n de la exposici\u00f3n se espera recibir un promedio de mil personas. Lo que se quiere con esto (y con todas las actividades del 2023) es visibilizar a nuestros artistas. Empezamos con las obras de la <strong>Fundamentalista o el Humedal<\/strong>\u00a0en el teatro 8 de Octubre, para reactivar los espect\u00e1culos en vivo tras la pandemia\u201d<\/em><\/cite>, coment\u00f3.<\/p>\n<p>En cuanto a\u00a0<strong>la exposici\u00f3n, estar\u00e1 durante el mes en la galer\u00eda \u00c9dgar Herrera<\/strong>, sobre la avenida Coba, cuyo objetivo es fomentar la participaci\u00f3n y el inter\u00e9s de los ciudadanos en las actividades culturales, y tambi\u00e9n lograr recibir donativos que ser\u00e1n destinados al ICA, con el fin de impulsar nuevas actividades de arte.<\/p>\n<p>Durante la administraci\u00f3n pasada<strong>\u00a0no se logr\u00f3 contar con todo el presupuesto de m\u00e1s de 18 millones<\/strong>\u00a0de pesos para las actividades del ICA, lo que se atribuy\u00f3 a las distintas urgencias que el gobierno tuvo, y que requirieron muchos recursos.<\/p>\n<p><strong>Para el desarrollo de las nuevas actividades en el 2023 se planea usar recintos como el edificio del ICA<\/strong>, en la avenida Tulum, que actualmente se reconstruye, y es donde antes hab\u00eda tres galer\u00edas de arte; aunque su reinauguraci\u00f3n ser\u00eda el primer trimestre de 2023.<\/p>\n<p><strong>Para el desarrollo de las nuevas actividades en el 2023 se planea usar recintos como el edificio del ICA<\/strong>, en la avenida Tulum, que actualmente se reconstruye, y es donde antes hab\u00eda tres galer\u00edas de arte; aunque su reinauguraci\u00f3n ser\u00eda el primer trimestre de 2023.<\/p>\n<\/div>\n","protected":false},"excerpt":{"rendered":"<p>ICA buscan impulsar las actividades culturales en Canc\u00fan Autoridades municipales pretenden\u00a0expandir el talento art\u00edstico y&#8230;<\/p>\n","protected":false},"author":1,"featured_media":12402,"comment_status":"open","ping_status":"closed","sticky":false,"template":"","format":"standard","meta":{"footnotes":""},"categories":[27,57],"tags":[],"class_list":["post-12400","post","type-post","status-publish","format-standard","has-post-thumbnail","hentry","category-local","category-quintana-roo"],"_links":{"self":[{"href":"https:\/\/chaneltodaycancun.com\/index.php\/wp-json\/wp\/v2\/posts\/12400","targetHints":{"allow":["GET"]}}],"collection":[{"href":"https:\/\/chaneltodaycancun.com\/index.php\/wp-json\/wp\/v2\/posts"}],"about":[{"href":"https:\/\/chaneltodaycancun.com\/index.php\/wp-json\/wp\/v2\/types\/post"}],"author":[{"embeddable":true,"href":"https:\/\/chaneltodaycancun.com\/index.php\/wp-json\/wp\/v2\/users\/1"}],"replies":[{"embeddable":true,"href":"https:\/\/chaneltodaycancun.com\/index.php\/wp-json\/wp\/v2\/comments?post=12400"}],"version-history":[{"count":1,"href":"https:\/\/chaneltodaycancun.com\/index.php\/wp-json\/wp\/v2\/posts\/12400\/revisions"}],"predecessor-version":[{"id":12401,"href":"https:\/\/chaneltodaycancun.com\/index.php\/wp-json\/wp\/v2\/posts\/12400\/revisions\/12401"}],"wp:featuredmedia":[{"embeddable":true,"href":"https:\/\/chaneltodaycancun.com\/index.php\/wp-json\/wp\/v2\/media\/12402"}],"wp:attachment":[{"href":"https:\/\/chaneltodaycancun.com\/index.php\/wp-json\/wp\/v2\/media?parent=12400"}],"wp:term":[{"taxonomy":"category","embeddable":true,"href":"https:\/\/chaneltodaycancun.com\/index.php\/wp-json\/wp\/v2\/categories?post=12400"},{"taxonomy":"post_tag","embeddable":true,"href":"https:\/\/chaneltodaycancun.com\/index.php\/wp-json\/wp\/v2\/tags?post=12400"}],"curies":[{"name":"wp","href":"https:\/\/api.w.org\/{rel}","templated":true}]}}