{"id":12631,"date":"2022-12-21T15:46:46","date_gmt":"2022-12-21T20:46:46","guid":{"rendered":"https:\/\/chaneltodaycancun.com\/?p=12631"},"modified":"2022-12-21T20:46:48","modified_gmt":"2022-12-21T20:46:48","slug":"escenario-de-recesion-para-mexico-es-posible-en-el-2023-imef","status":"publish","type":"post","link":"https:\/\/chaneltodaycancun.com\/index.php\/2022\/12\/21\/escenario-de-recesion-para-mexico-es-posible-en-el-2023-imef\/","title":{"rendered":"Escenario de recesi\u00f3n para M\u00e9xico es posible en el 2023: IMEF"},"content":{"rendered":"<div class=\"jsx-1778878049 \">\n<h4 style=\"text-align: center;\">La desaceleraci\u00f3n que se prev\u00e9 en la econom\u00eda estadounidense tendr\u00e1 su efecto en el comercio mexicano; finanzas p\u00fablicas, en riesgo al estar sobre estimadas.<\/h4>\n<p class=\"jsx-3954459878\">El Instituto Mexicano de Ejecutivos de Finanzas (IMEF) no descart\u00f3 que el pr\u00f3ximo a\u00f1o se pueda observar una recesi\u00f3n en M\u00e9xico, sobre todo ante las se\u00f1ales de que suceda lo mismo en Estados Unidos.<\/p>\n<p class=\"jsx-3954459878 fi-aic_250\">Durante la \u00faltima conferencia de prensa del a\u00f1o, y la \u00faltima al frente del IMEF, Alejandro Hern\u00e1ndez Bringas, expuso que la desaceleraci\u00f3n que se prev\u00e9 en la econom\u00eda estadounidense tendr\u00e1 su efecto en el comercio mexicano, ya que el pa\u00eds vecino del norte es el principal socio comercial de M\u00e9xico.<\/p>\n<p class=\"jsx-3954459878\">\u201cLa desaceleraci\u00f3n prevista para la econom\u00eda de Estados Unidos conlleva el riesgo de convertirse en una recesi\u00f3n, y podr\u00eda frenar el ritmo de nuestro comercio externo que, hasta el momento, ha sido uno de los motores encendidos en la reactivaci\u00f3n de nuestra econom\u00eda\u201d, dijo a medios de comunicaci\u00f3n.<\/p>\n<p class=\"jsx-3954459878\">Esto, en conjunto con la incertidumbre econ\u00f3mica, los altos niveles de inflaci\u00f3n y los incrementos en las tasas de inter\u00e9s a nivel internacional, hacen que el 2023 sea un a\u00f1o retador para la econom\u00eda mexicana.<\/p>\n<p class=\"jsx-3954459878\">Asimismo, otros factores que pueden afectar el desempe\u00f1o de M\u00e9xico son los problemas que se presentan en China \u2013donde existe un alarmante repunte de Covid-19\u2013 y factores internos como el mal ambiente para hacer negocios que se ha generado en la actual administraci\u00f3n.<\/p>\n<p class=\"jsx-3954459878\">\u201cEn el entorno dom\u00e9stico, una preocupaci\u00f3n constante es la relacionada con decisiones pol\u00edticas que enturbien el ambiente de negocios, como fue la aprobaci\u00f3n, en el Congreso, de diversas medidas que modifican la regulaci\u00f3n electoral, el llamado Plan B o recientemente el cabotaje a\u00e9reo en el pa\u00eds; lo que complica considerablemente la operaci\u00f3n a empresas mexicanas, perdiendo la oportunidad de obtener beneficios para los consumidores nacionales si se negociara de forma sim\u00e9trica con otros pa\u00edses\u201d, destac\u00f3 el presidente del IMEF.<\/p>\n<p class=\"jsx-3954459878 fi-aic_250\">En este sentido, el IMEF estim\u00f3 que el siguiente a\u00f1o, la econom\u00eda mexicana crezca alrededor de 1.2%, un dato mucho menor a la estimaci\u00f3n puntual de la Secretar\u00eda de Hacienda y Cr\u00e9dito P\u00fablico (SHCP) de 3 por ciento.<\/p>\n<p class=\"jsx-3954459878\">Lo anterior, asegur\u00f3 Mario Correa, presidente del Comit\u00e9 de Estudios Econ\u00f3micos del IMEF, puede ser un riesgo para las finanzas p\u00fablicas al estar sobre estimadas con una proyecci\u00f3n bastante optimista que, de no cumplirse, le pasar\u00e1 factura a los ingresos.<\/p>\n<h2 class=\"jsx-1282840227\">Mejora pron\u00f3stico<\/h2>\n<p class=\"jsx-3954459878\">En lo que se refiere a este a\u00f1o, el IMEF mejor\u00f3 su proyecci\u00f3n de crecimiento ante los \u00faltimos datos que se han conocido.<\/p>\n<p class=\"jsx-3954459878\">Ahora, se espera un crecimiento de 3.0% contra el pron\u00f3stico de noviembre, de 2.5 por ciento.<\/p>\n<p class=\"jsx-3954459878\">\u201cSe explica por el restablecimiento de la movilidad y la recuperaci\u00f3n de varios sectores que todav\u00eda ven\u00edan rezagados, por lo que habr\u00e1 que tomar esta mejor\u00eda con la debida reserva, ya que la producci\u00f3n apenas regres\u00f3 a sus niveles pre-pandemia en el tercer trimestre del 2022, muy rezagada respecto a lo observado en otros pa\u00edses\u201d, destac\u00f3 el presidente del IMEF.<\/p>\n<p class=\"jsx-3954459878\">En cuanto a la inflaci\u00f3n, se espera cierre el a\u00f1o en 8.4%, mientras que el tipo de cambio en 19.9 pesos por d\u00f3lar.<\/p>\n<\/div>\n<div class=\"jsx-1921398030 newsbody\">\n<div class=\"jsx-670345696 share fixed\">\n<div class=\"jsx-670345696 \"><\/div>\n<\/div>\n<div class=\"jsx-1921398030\">\n<div class=\"jsx-3150550767\"><\/div>\n<\/div>\n<\/div>\n","protected":false},"excerpt":{"rendered":"<p>La desaceleraci\u00f3n que se prev\u00e9 en la econom\u00eda estadounidense tendr\u00e1 su efecto en el comercio&#8230;<\/p>\n","protected":false},"author":1,"featured_media":12633,"comment_status":"open","ping_status":"closed","sticky":false,"template":"","format":"standard","meta":{"footnotes":""},"categories":[40],"tags":[],"class_list":["post-12631","post","type-post","status-publish","format-standard","has-post-thumbnail","hentry","category-politica"],"_links":{"self":[{"href":"https:\/\/chaneltodaycancun.com\/index.php\/wp-json\/wp\/v2\/posts\/12631","targetHints":{"allow":["GET"]}}],"collection":[{"href":"https:\/\/chaneltodaycancun.com\/index.php\/wp-json\/wp\/v2\/posts"}],"about":[{"href":"https:\/\/chaneltodaycancun.com\/index.php\/wp-json\/wp\/v2\/types\/post"}],"author":[{"embeddable":true,"href":"https:\/\/chaneltodaycancun.com\/index.php\/wp-json\/wp\/v2\/users\/1"}],"replies":[{"embeddable":true,"href":"https:\/\/chaneltodaycancun.com\/index.php\/wp-json\/wp\/v2\/comments?post=12631"}],"version-history":[{"count":1,"href":"https:\/\/chaneltodaycancun.com\/index.php\/wp-json\/wp\/v2\/posts\/12631\/revisions"}],"predecessor-version":[{"id":12632,"href":"https:\/\/chaneltodaycancun.com\/index.php\/wp-json\/wp\/v2\/posts\/12631\/revisions\/12632"}],"wp:featuredmedia":[{"embeddable":true,"href":"https:\/\/chaneltodaycancun.com\/index.php\/wp-json\/wp\/v2\/media\/12633"}],"wp:attachment":[{"href":"https:\/\/chaneltodaycancun.com\/index.php\/wp-json\/wp\/v2\/media?parent=12631"}],"wp:term":[{"taxonomy":"category","embeddable":true,"href":"https:\/\/chaneltodaycancun.com\/index.php\/wp-json\/wp\/v2\/categories?post=12631"},{"taxonomy":"post_tag","embeddable":true,"href":"https:\/\/chaneltodaycancun.com\/index.php\/wp-json\/wp\/v2\/tags?post=12631"}],"curies":[{"name":"wp","href":"https:\/\/api.w.org\/{rel}","templated":true}]}}