{"id":12664,"date":"2022-12-23T15:37:29","date_gmt":"2022-12-23T20:37:29","guid":{"rendered":"https:\/\/chaneltodaycancun.com\/?p=12664"},"modified":"2022-12-23T20:37:31","modified_gmt":"2022-12-23T20:37:31","slug":"pablo-monroy-llego-a-mexico-luego-de-que-el-gobierno-de-peru-lo-declaro-persona-non-grata","status":"publish","type":"post","link":"https:\/\/chaneltodaycancun.com\/index.php\/2022\/12\/23\/pablo-monroy-llego-a-mexico-luego-de-que-el-gobierno-de-peru-lo-declaro-persona-non-grata\/","title":{"rendered":"Pablo Monroy lleg\u00f3 a M\u00e9xico luego de que el gobierno de Per\u00fa lo declar\u00f3 persona non grata"},"content":{"rendered":"<h4 class=\"article-subheadline\" style=\"text-align: center;\">De acuerdo con la SRE, el ex embajador se encuentra en buenas condiciones<\/h4>\n<div class=\"byline\">\n<div class=\"byline-text-wrapper\">\n<p class=\"paragraph\">Fuentes de la Secretar\u00eda de Relaciones Exteriores (<b>SRE<\/b>) informaron la noche de este jueves que\u00a0<b>Pablo Monroy Conesa<\/b>, quien hasta el pasado 20 de diciembre era el\u00a0<b>embajador de M\u00e9xico en Per\u00fa<\/b>, ya se encuentra en el pa\u00eds.<\/p>\n<p><a id=\"recommended-card-0\" class=\"recommended-card recommended-card--infobae\" href=\"https:\/\/www.infobae.com\/america\/mexico\/2022\/12\/21\/pablo-monroy-embajador-expulsado-de-peru-ya-ingreso-a-territorio-mexicano\/\" target=\"_blank\" rel=\"noopener noreferrer\" aria-label=\"Esposa e hijos del ex presidente Pedro Castillo llegaron a M\u00e9xico tras concederles asilo pol\u00edtico \"><\/a><\/p>\n<p class=\"paragraph\">De acuerdo con el reporte, el abogado de 42 a\u00f1os de edad<b>\u00a0aterriz\u00f3 a las 22:20\u00a0<\/b>en el Aeropuerto Internacional \u201cBenito Ju\u00e1rez\u201d de la Ciudad de M\u00e9xico (<b>AICM<\/b>), en un vuelo de Aerom\u00e9xico procedente de la ciudad de\u00a0<b>Lima<\/b>. Adem\u00e1s, se\u00f1alaron que s<b>e encuentra en buenas condiciones de salud.<\/b><\/p>\n<div class=\"inline ad-wrapper\">\n<div class=\"dfpAd display_inline_block ad_margin_wrapper\"><\/div>\n<\/div>\n<p class=\"paragraph\">Cabe mencionar que a las 16:47 horas de este d\u00eda, el ex embajador public\u00f3 un mensaje de despedida en Twitter ante su eventual regreso a territorio mexicano: \u201c<b>Un abrazo solidario, con afecto y lleno de gratitud, querido Per\u00fa. Hasta que nos volvamos a ver\u201d<\/b><\/p>\n<p class=\"paragraph\">Y es que el pasado martes, el gobierno de\u00a0<b>Dina Boluarte<\/b>\u00a0declar\u00f3 a Pablo Monroy como\u00a0<b>persona non grata<\/b>\u00a0y le dio un ultim\u00e1tum 72 horas para abandonar el pa\u00eds sudamericano, por las expresiones de altos funcionarios de M\u00e9xico sobre los\u00a0<b>asuntos internos de Per\u00fa.<\/b><\/p>\n<p class=\"paragraph\">\u201cTales expresiones constituyen una injerencia en los asuntos internos del pa\u00eds y por ende son violatorias del principio de no intervenci\u00f3n\u201d, escribi\u00f3 la canciller\u00eda peruana en sus redes sociales.<\/p>\n<p class=\"paragraph\">Al respecto, la SRE instruy\u00f3 a Monroy Conesa regresar a M\u00e9xico con el fin de\u00a0<b>resguardar su seguridad e integridad f\u00edsica.<\/b><\/p>\n<p class=\"paragraph\">Asimismo, aclararon que la embajada de M\u00e9xico\u00a0<b>se quedar\u00e1 a cargo\u00a0<\/b>de la primera secretaria\u00a0<b>Karla Tatiana Ornelas Loera<\/b>, actual jefa de Canciller\u00eda de la Misi\u00f3n.<\/p>\n<p class=\"paragraph\">\u201cNuestra Representaci\u00f3n continuar\u00e1 operando con normalidad tras este movimiento [&#8230;] M\u00e9xico cree firmemente en el di\u00e1logo y seguir\u00e1 manteniendo los canales de comunicaci\u00f3n abiertos con todos los interlocutores, especialmente para atender las necesidades de los mexicanos avecindados en el Per\u00fa\u201d, informaron.<\/p>\n<p class=\"paragraph\">Sin embargo, el canciller\u00a0<b>Marcelo Ebrard\u00a0<\/b>calific\u00f3 la decisi\u00f3n de autoridades de Per\u00fa como\u00a0<b>\u201cinfundada y reprobable\u201d.<\/b><\/p>\n<h2 class=\"header\">Crisis diplom\u00e1tica entre M\u00e9xico y Per\u00fa<\/h2>\n<p class=\"paragraph\">A pesar de ser integrantes de la Alianza del Pacifico, la tensi\u00f3n entre los gobiernos de M\u00e9xico y Per\u00fa iniciaron cuando el presidente<b>\u00a0Andr\u00e9s Manuel L\u00f3pez Obrador respaldo al ex mandatario Pedro Castillo<\/b>, quien se encuentra detenido en Lima luego de ser destituido por el Congreso a principios de diciembre tras tratar de disolverlo de manera ilegal y reorganizar el poder judicial.<\/p>\n<p class=\"paragraph\">Castillo hab\u00eda buscado\u00a0<b>asilarse en la embajada de M\u00e9xico\u00a0<\/b>en dicha capital poco despu\u00e9s de anunciar que cerrar\u00eda el parlamento, pero fue detenido por la polic\u00eda y actualmente cumple una prisi\u00f3n preventiva por 18 meses mientras es investigado por \u201crebeli\u00f3n y conspiraci\u00f3n\u201d.<\/p>\n<p class=\"paragraph\">No obstante, el gobierno de la autollamada \u201cCuarta Transformaci\u00f3n\u201d (4T)\u00a0<b>s\u00ed logr\u00f3 conceder asilo pol\u00edtico a su familia.<\/b><\/p>\n<p class=\"paragraph\"><b>Lilia Paredes<\/b>, esposa del ex presidente peruano, est\u00e1 siendo investigada por la justicia de su pa\u00eds por presuntamente integrar una red de lavado de dinero que involucrar\u00eda al exmandatario.<\/p>\n<p class=\"paragraph\"><b>\u201cEl gobierno mexicano est\u00e1 asilando a corruptos\u201d<\/b>, dijo a periodistas la legisladora de oposici\u00f3n y expresidenta del Congreso peruano Mar\u00eda del Carmen Alva, tras el anuncio del gobierno del pa\u00eds norteamericano.<\/p>\n<p class=\"paragraph\">M\u00e9xico tiene una larga tradici\u00f3n de otorgar asilo a diversos pol\u00edticos y personalidades, entre los m\u00e1s conocidos se encuentran el revolucionario ruso Le\u00f3n Trotski y el cineasta espa\u00f1ol Luis Bu\u00f1uel; y, m\u00e1s recientemente, fue asilado el expresidente boliviano Evo Morales.<\/p>\n<\/div>\n<\/div>\n","protected":false},"excerpt":{"rendered":"<p>De acuerdo con la SRE, el ex embajador se encuentra en buenas condiciones Fuentes de&#8230;<\/p>\n","protected":false},"author":1,"featured_media":12666,"comment_status":"open","ping_status":"closed","sticky":false,"template":"","format":"standard","meta":{"footnotes":""},"categories":[40],"tags":[],"class_list":["post-12664","post","type-post","status-publish","format-standard","has-post-thumbnail","hentry","category-politica"],"_links":{"self":[{"href":"https:\/\/chaneltodaycancun.com\/index.php\/wp-json\/wp\/v2\/posts\/12664","targetHints":{"allow":["GET"]}}],"collection":[{"href":"https:\/\/chaneltodaycancun.com\/index.php\/wp-json\/wp\/v2\/posts"}],"about":[{"href":"https:\/\/chaneltodaycancun.com\/index.php\/wp-json\/wp\/v2\/types\/post"}],"author":[{"embeddable":true,"href":"https:\/\/chaneltodaycancun.com\/index.php\/wp-json\/wp\/v2\/users\/1"}],"replies":[{"embeddable":true,"href":"https:\/\/chaneltodaycancun.com\/index.php\/wp-json\/wp\/v2\/comments?post=12664"}],"version-history":[{"count":1,"href":"https:\/\/chaneltodaycancun.com\/index.php\/wp-json\/wp\/v2\/posts\/12664\/revisions"}],"predecessor-version":[{"id":12665,"href":"https:\/\/chaneltodaycancun.com\/index.php\/wp-json\/wp\/v2\/posts\/12664\/revisions\/12665"}],"wp:featuredmedia":[{"embeddable":true,"href":"https:\/\/chaneltodaycancun.com\/index.php\/wp-json\/wp\/v2\/media\/12666"}],"wp:attachment":[{"href":"https:\/\/chaneltodaycancun.com\/index.php\/wp-json\/wp\/v2\/media?parent=12664"}],"wp:term":[{"taxonomy":"category","embeddable":true,"href":"https:\/\/chaneltodaycancun.com\/index.php\/wp-json\/wp\/v2\/categories?post=12664"},{"taxonomy":"post_tag","embeddable":true,"href":"https:\/\/chaneltodaycancun.com\/index.php\/wp-json\/wp\/v2\/tags?post=12664"}],"curies":[{"name":"wp","href":"https:\/\/api.w.org\/{rel}","templated":true}]}}