{"id":12736,"date":"2022-12-27T16:14:43","date_gmt":"2022-12-27T21:14:43","guid":{"rendered":"https:\/\/chaneltodaycancun.com\/?p=12736"},"modified":"2022-12-27T21:14:45","modified_gmt":"2022-12-27T21:14:45","slug":"sexta-ola-covid-19-en-mexico-contagios-van-al-alza-con-hasta-3-mil-casos-diarios-en-promedio","status":"publish","type":"post","link":"https:\/\/chaneltodaycancun.com\/index.php\/2022\/12\/27\/sexta-ola-covid-19-en-mexico-contagios-van-al-alza-con-hasta-3-mil-casos-diarios-en-promedio\/","title":{"rendered":"Sexta ola COVID-19 en M\u00e9xico: Contagios van al alza con hasta 3 mil casos diarios en promedio"},"content":{"rendered":"<div class=\"row\">\n<div class=\"col-sm-xl-12 layout-section wrap-bottom\">\n<h4 class=\"primary-font__PrimaryFontStyles-o56yd5-0 heuGTu h4-primary sub-headline\" style=\"text-align: center;\">Hugo L\u00f3pez-Gatell asegur\u00f3 que \u2018no es inusual\u2019 que las enfermedades respiratorias (incluido el COVID-19) aumenten en temporada de fr\u00edo.<\/h4>\n<div class=\"default__StyledDiv-cj38t1-0 gCPfDm share-bar\"><\/div>\n<\/div>\n<\/div>\n<div class=\"row\">\n<div class=\"col-sm-md-12 col-lg-xl-8 left-article-section ie-flex-100-percent-sm layout-section\">\n<p class=\"default__StyledText-xb1qmn-0 cgXrXK body-paragraph\">El subsecretario de Salud Hugo L\u00f3pez-Gatell inform\u00f3 que durante las \u00faltimas\u00a0<b>ocho semanas\u00a0<\/b>se ha registrado un<b>\u00a0aumento en el n\u00famero de contagios<\/b>\u00a0por\u00a0<b>COVID-19<\/b><b>\u00a0<\/b>hasta llegar a los de 3 mil casos diarios en promedio.<\/p>\n<p class=\"default__StyledText-xb1qmn-0 cgXrXK body-paragraph\">No obstante, durante la conferencia de prensa matutina, el funcionario destac\u00f3 que\u00a0<b>las muertes y hospitalizaciones por esta enfermedad no han aumentado al mismo ritmo<\/b>, esto gracias al gran porcentaje de<a href=\"https:\/\/www.elfinanciero.com.mx\/salud\/2022\/12\/24\/que-parametros-tiene-la-oms-para-recomendar-vacunas\/\" target=\"_blank\" rel=\"noopener\">\u00a0<\/a>poblaci\u00f3n vacunada contra el virus\u00a0<b>SARS-CoV-2<\/b>.<\/p>\n<p class=\"default__StyledText-xb1qmn-0 cgXrXK body-paragraph\">\u201cLlevamos 8 semanas de incremento en el n\u00famero de casos que se van registrando y esta tendencia, aunque es<b>\u00a0m\u00e1s lenta\u00a0<\/b>que en otros periodos a lo largo de esta pandemia, es importante estar atentos a este crecimiento\u201d, indic\u00f3.<\/p>\n<p class=\"default__StyledText-xb1qmn-0 cgXrXK body-paragraph\">\u201cAfortunadamente aumentan los casos, pero<b>\u00a0las hospitalizaciones aumentan a un ritmo mucho menor de lo que aumentan los contagios<\/b>\u201d, a\u00f1adi\u00f3.<\/p>\n<p class=\"default__StyledText-xb1qmn-0 cgXrXK body-paragraph\">El subsecretario puntualiz\u00f3 que hasta el momento, M\u00e9xico registra una<b>\u00a0ocupaci\u00f3n del siete por ciento de camas generales dedicadas a infecciones respiratorias agudas<\/b>\u00a0y solo dos por ciento de ocupaci\u00f3n de camas para terapia intensiva.<\/p>\n<p class=\"default__StyledText-xb1qmn-0 cgXrXK body-paragraph\">\u201c<b>Las defunciones<\/b>, en comparaci\u00f3n con cualquier otra\u00a0ola de Covid-19,\u00a0<b>est\u00e1n en niveles muy peque\u00f1os<\/b>. Tenemos un incremento que ha llegado a 10 defunciones promedio diario en cada una de estas semanas\u201d, inform\u00f3.<\/p>\n<div id=\"arcad-feature-2637\" class=\"default__StyledAdUnit-ijbiyl-0 dmQA-dM arcad-feature margin-md-bottom \">\n<div class=\"arcad-container\">\n<div id=\"lazy_4\">\n<div id=\"box_banner1\" class=\"arcad ad-300x250\" data-google-query-id=\"CJ-5-ZbbmvwCFQuFywEdn_QGtg\">\n<div id=\"google_ads_iframe_\/77835600\/ElFinanciero__nacional\/box_banner1_0__container__\"><\/div>\n<\/div>\n<\/div>\n<\/div>\n<\/div>\n<div class=\"table-wrapper\">\n<table>\n<thead>\n<tr>\n<th>Sem. Epi.<\/th>\n<th>Fechas<\/th>\n<th>Casos<\/th>\n<\/tr>\n<\/thead>\n<tbody>\n<tr>\n<td>47<\/td>\n<td>21-26 de nov<\/td>\n<td>1,381<\/td>\n<\/tr>\n<tr>\n<td>48<\/td>\n<td>27 nov &#8211; 3 de dic<\/td>\n<td>2,103<\/td>\n<\/tr>\n<tr>\n<td>49<\/td>\n<td>4 -10 dic<\/td>\n<td>3,115<\/td>\n<\/tr>\n<tr>\n<td>50<\/td>\n<td>11 &#8211; 17 dic<\/td>\n<td>3,813<\/td>\n<\/tr>\n<tr>\n<td>51<\/td>\n<td>18 -24 dic<\/td>\n<td>2,905<\/td>\n<\/tr>\n<\/tbody>\n<\/table>\n<\/div>\n<p class=\"default__StyledText-xb1qmn-0 cgXrXK body-paragraph\">L\u00f3pez-Gatell se\u00f1al\u00f3 que la<b>\u00a0cobertura de vacunaci\u00f3n<\/b>\u00a0en todas las edades es<b>\u00a084 por ciento<\/b>, en<b>\u00a0<\/b>poblaci\u00f3n de 18 a\u00f1os y m\u00e1s es de 91 por ciento, en poblaci\u00f3n de 12 a 17 a\u00f1os es de 64 por ciento, y de poblaci\u00f3n de 5 a 11 a\u00f1os es de 60 por ciento.<\/p>\n<h2 class=\"heading__StyledHeading-sc-5jxglz-0 kSxoe\">\u00bfSe acab\u00f3 la pandemia? Covid-19 ser\u00e1 end\u00e9mico en 2023, asegura cient\u00edfico<\/h2>\n<p class=\"default__StyledText-xb1qmn-0 cgXrXK body-paragraph\">Dos a\u00f1os y m\u00e1s de seis millones de muertos despu\u00e9s de su detecci\u00f3n en la ciudad de<b>\u00a0Wuhan, China<\/b>, el<b>\u00a0COVID-19<\/b>\u00a0<b>se volver\u00e1 una enfermedad end\u00e9mica<\/b>; es decir, prevalecer\u00e1 en el tiempo en un equilibrio estable con la inmunidad en la poblaci\u00f3n.<\/p>\n<p>Lo anterior lo afirma el\u00a0<b>vir\u00f3logo alem\u00e1n Christian Drosten\u00a0<\/b>quien asegur\u00f3 que\u00a0<b>el pr\u00f3ximo a\u00f1o podr\u00eda ser el fin de la pandemia<\/b>.<\/p>\n<\/div>\n<\/div>\n","protected":false},"excerpt":{"rendered":"<p>Hugo L\u00f3pez-Gatell asegur\u00f3 que \u2018no es inusual\u2019 que las enfermedades respiratorias (incluido el COVID-19) aumenten&#8230;<\/p>\n","protected":false},"author":1,"featured_media":12738,"comment_status":"open","ping_status":"closed","sticky":false,"template":"","format":"standard","meta":{"footnotes":""},"categories":[50],"tags":[],"class_list":["post-12736","post","type-post","status-publish","format-standard","has-post-thumbnail","hentry","category-salud"],"_links":{"self":[{"href":"https:\/\/chaneltodaycancun.com\/index.php\/wp-json\/wp\/v2\/posts\/12736","targetHints":{"allow":["GET"]}}],"collection":[{"href":"https:\/\/chaneltodaycancun.com\/index.php\/wp-json\/wp\/v2\/posts"}],"about":[{"href":"https:\/\/chaneltodaycancun.com\/index.php\/wp-json\/wp\/v2\/types\/post"}],"author":[{"embeddable":true,"href":"https:\/\/chaneltodaycancun.com\/index.php\/wp-json\/wp\/v2\/users\/1"}],"replies":[{"embeddable":true,"href":"https:\/\/chaneltodaycancun.com\/index.php\/wp-json\/wp\/v2\/comments?post=12736"}],"version-history":[{"count":1,"href":"https:\/\/chaneltodaycancun.com\/index.php\/wp-json\/wp\/v2\/posts\/12736\/revisions"}],"predecessor-version":[{"id":12737,"href":"https:\/\/chaneltodaycancun.com\/index.php\/wp-json\/wp\/v2\/posts\/12736\/revisions\/12737"}],"wp:featuredmedia":[{"embeddable":true,"href":"https:\/\/chaneltodaycancun.com\/index.php\/wp-json\/wp\/v2\/media\/12738"}],"wp:attachment":[{"href":"https:\/\/chaneltodaycancun.com\/index.php\/wp-json\/wp\/v2\/media?parent=12736"}],"wp:term":[{"taxonomy":"category","embeddable":true,"href":"https:\/\/chaneltodaycancun.com\/index.php\/wp-json\/wp\/v2\/categories?post=12736"},{"taxonomy":"post_tag","embeddable":true,"href":"https:\/\/chaneltodaycancun.com\/index.php\/wp-json\/wp\/v2\/tags?post=12736"}],"curies":[{"name":"wp","href":"https:\/\/api.w.org\/{rel}","templated":true}]}}