{"id":12849,"date":"2022-12-31T08:41:32","date_gmt":"2022-12-31T13:41:32","guid":{"rendered":"https:\/\/chaneltodaycancun.com\/?p=12849"},"modified":"2022-12-31T13:41:33","modified_gmt":"2022-12-31T13:41:33","slug":"murio-benedicto-xvi-el-papa-teologo-que-revoluciono-la-tradicion-vaticana-con-su-renuncia","status":"publish","type":"post","link":"https:\/\/chaneltodaycancun.com\/index.php\/2022\/12\/31\/murio-benedicto-xvi-el-papa-teologo-que-revoluciono-la-tradicion-vaticana-con-su-renuncia\/","title":{"rendered":"Muri\u00f3 Benedicto XVI, el papa te\u00f3logo que revolucion\u00f3 la tradici\u00f3n vaticana con su renuncia"},"content":{"rendered":"<h4 class=\"article-subheadline\" style=\"text-align: center;\">Joseph Ratzinger, tal era su nombre secular, ocup\u00f3 el trono de Pedro durante 8 a\u00f1os, para luego dar un paso al costado y facilitar una renovaci\u00f3n necesaria. El primer pont\u00edfice em\u00e9rito de la historia ya ten\u00eda un largo pasado en el gobierno de la Iglesia como estrecho colaborador de Juan Pablo II<\/h4>\n<div class=\"byline\">\n<div class=\"byline-text-wrapper\">\n<p class=\"paragraph\">El papa em\u00e9rito\u00a0<b>Benedicto XVI<\/b>\u00a0muri\u00f3 este s\u00e1bado a las 9:34 local (8:34 GMT) en el monasterio Mater Ecclesiae del\u00a0<b>Vaticano<\/b>, donde resid\u00eda desde su hist\u00f3rica renuncia al pontificado en 2013. Ten\u00eda 95 a\u00f1os.<\/p>\n<p class=\"paragraph\">\u201cCon pesar doy a conocer que<b>\u00a0el papa em\u00e9rito Benedicto XVI<\/b>\u00a0ha fallecido hoy a las 9:34 horas en el Monasterio Mater Ecclesiae del Vaticano. Apenas sea posible se proporcionar\u00e1 mayor informaci\u00f3n\u201d, se\u00f1al\u00f3 el director de la oficina de prensa vaticana en un comunicado. La capilla ardiente se ubicar\u00e1 en la Bas\u00edlica de San Pedro a partir del lunes 2 de enero por la ma\u00f1ana.<\/p>\n<p class=\"paragraph\">La preocupaci\u00f3n por el estado de salud del papa y te\u00f3logo alem\u00e1n surgi\u00f3 el mi\u00e9rcoles 28 de diciembre, cuando su sucesor,\u00a0<b>Francisco<\/b>, reconoci\u00f3 que estaba \u201cmuy enfermo\u201d y pidi\u00f3 \u201cuna oraci\u00f3n especial\u201d a los fieles que asist\u00edan a su audiencia general. Poco despu\u00e9s, el portavoz de la Santa Sede,\u00a0<b>Matteo Bruni<\/b>, confirm\u00f3 que el estado de salud de Benedicto XVI se hab\u00edan \u201cagravado a causa de su avanzada edad\u201d.<\/p>\n<p class=\"paragraph\">El secretario personal del pont\u00edfice em\u00e9rito,<b>\u00a0monse\u00f1or Georg Ganswein<\/b>, hab\u00eda afirmado en repetidas ocasiones en los \u00faltimos a\u00f1os que Ratzinger era como \u201cuna vela que se apaga lenta y serenamente\u201d.<\/p>\n<p class=\"paragraph\">Un d\u00eda despu\u00e9s, la\u00a0<b>Santa Sede<\/b>\u00a0aseguraba que Benedicto XVI hab\u00eda \u201clogrado reposar bien en la noche, estaba absolutamente l\u00facido y atento\u201d y permanec\u00eda \u201cestable\u201d.<\/p>\n<p class=\"paragraph\">Una situaci\u00f3n que prosigui\u00f3 el 30 de diciembre, cuando tambi\u00e9n present\u00f3 unas condiciones \u201cestables\u201d, y hasta pudo asistir a una misa celebrada en su habitaci\u00f3n.<\/p>\n<p class=\"paragraph\">Benedicto XVI hab\u00eda pasado los a\u00f1os de su retiro en una residencia en el interior del Vaticano. No padec\u00eda ninguna enfermedad severa, s\u00f3lo los achaques normales de su edad avanzada. Progresivamente hab\u00eda ido perdiendo la movilidad y la voz, lo que limitaba aun m\u00e1s sus apariciones p\u00fablicas y su participaci\u00f3n en oficios religiosos.<\/p>\n<p class=\"paragraph\">La \u00fanica vez que dej\u00f3 el Vaticano desde su renuncia fue para\u00a0<b>visitar a su hermano Georg en Alemania<\/b>, en el a\u00f1o 2020, poco antes de que \u00e9ste falleciera.<\/p>\n<h2 class=\"header\">EL PONTIFICADO DE BENEDICTO XVI<\/h2>\n<p class=\"paragraph\">Su elecci\u00f3n como Papa, el\u00a0<b>19 de abril de 2005<\/b>, no caus\u00f3 demasiada sorpresa:\u00a0<b>Joseph Ratzinger,<\/b>\u00a0entonces de 78 a\u00f1os, y prefecto de la Congregaci\u00f3n para la Doctrina de la Fe, era el m\u00e1s estrecho colaborador de<b>\u00a0Juan Pablo II\u00a0<\/b>desde comienzos de los a\u00f1os 80.<\/p>\n<p class=\"paragraph\">Fue elegido en el 4\u00b0 escrutinio, en un c\u00f3nclave que \u00e9l mismo presidi\u00f3 como decano del Colegio Cardenalicio.<\/p>\n<p class=\"paragraph\">Sus primeras palabras desde la ventana que da a la Plaza de San Pedro, ya\u00a0<b>como papa Benedicto XVI,<\/b>\u00a0fueron dichas con la humildad y sencillez que lo caracterizaron siempre: \u201cQueridos hermanos y queridas hermanas, despu\u00e9s del gran Papa Juan Pablo II, los cardenales me han elegido a m\u00ed, un simple y humilde trabajador en la vi\u00f1a del Se\u00f1or\u2026\u201d<\/p>\n<p class=\"paragraph\">Casi 8 a\u00f1os despu\u00e9s,\u00a0<b>sorprendi\u00f3 al mundo entero presentando su renuncia, el 28 de febrero de 2013<\/b>, algo que no suced\u00eda desde el siglo XIII. Ning\u00fan pont\u00edfice renunciaba, s\u00f3lo la muerte abr\u00eda el proceso de la sucesi\u00f3n.<\/p>\n<p class=\"paragraph\">Aquel gesto in\u00e9dito inici\u00f3 el camino de una renovaci\u00f3n que tuvo su primera manifestaci\u00f3n en la elecci\u00f3n por primera vez en la historia de un pont\u00edfice no europeo, el argentino Jorge Bergoglio.<\/p>\n<p class=\"paragraph\">Durante su pontificado, Ratzinger debi\u00f3 enfrentar varias crisis, siendo la m\u00e1s grave\u00a0<b>el esc\u00e1ndalo producido por los delitos de abusos sexuales<\/b>\u00a0a menores por parte de miembros de la Iglesia en varios pa\u00edses del mundo. Fue \u00e9l quien tom\u00f3 las primeras medidas para lidiar con estos casos de un modo m\u00e1s efectivo y transparente.<\/p>\n<p class=\"paragraph\">Pero desde antes de ser elegido Papa, ya enfrentaba Ratzinger\u00a0<b>una permanente campa\u00f1a de calumnias,<\/b>\u00a0que iban desde la cl\u00e1sica y abusiva asociaci\u00f3n \u201calem\u00e1n = nazi\u201d, en su caso especialmente infundada, a ota asociaci\u00f3n igualmente caprichosa entre la Congregaci\u00f3n de la Doctrina de la Fe y un tribunal de Inquisici\u00f3n.<\/p>\n<p class=\"paragraph\">La difamaci\u00f3n tambi\u00e9n implic\u00f3 acusar al propio Benedicto XVI de encubrimiento de los cr\u00edmenes de pederastia; sin embargo, la verdad se impuso y Ratzinger\u00a0<b>fue llamado \u201cel barrendero de Dios\u201d,\u00a0<\/b>por la tarea de limpieza que llev\u00f3 adelante no s\u00f3lo respecto de los sacerdotes abusadores sino tambi\u00e9n de las finanzas vaticanas. Dos l\u00edneas de trabajo continuadas por su sucesor, Francisco.<\/p>\n<p class=\"paragraph\">Benedicto se reuni\u00f3 en varias ocasiones con v\u00edctimas de abusos y\u00a0<b>orden\u00f3 \u201ctolerancia cero\u201d<\/b>\u00a0para estos cr\u00edmenes en la Iglesia. Pero nada de eso fren\u00f3 la maledicencia de cierta prensa, que se sumaban a las dificultades y trabas internas para enfrentar el tema. Las normas que actualmente se aplican en estos casos fueron dise\u00f1adas bajo su pontificado.<\/p>\n<p class=\"paragraph\">Posiblemente haya sido\u00a0<b>el desgaste que le generaron estos combates<\/b>, con intrigas, presiones y espionaje interno incluidos, lo que lo llev\u00f3 a presentar su renuncia.<\/p>\n<p class=\"paragraph\">En sus casi ocho a\u00f1os de papado, Benedicto XVI visit\u00f3 24 pa\u00edses en cuatro continentes. Public\u00f3 tres enc\u00edclicas. La primera en 2006,\u00a0<b>\u201cDeus Caritast Est\u201d,\u00a0<\/b>que comienza con \u201cDios es amor, quien est\u00e1 en el amor habita en Dios y Dios habita en \u00e9l\u201d. El Pont\u00edfice sorprendi\u00f3 con este mensaje luego de que muchos vaticinaran que esta primera enc\u00edclica ser\u00eda una lecci\u00f3n severa sobre la doctrina cristiana, especulaci\u00f3n m\u00e1s acorde a la imagen que de \u00e9l crearon sus detractores que a la realidad de su sacerdocio.<\/p>\n<p class=\"paragraph\">\u201cSalvados en la esperanza\u201d, fue su segunda Enc\u00edclica, un texto en el que Benedicto XVI suscita un ansia de eternidad. \u201cNo es un continuo sucederse de d\u00edas del calendario sino el momento grat\u00edsimo de sumergirse en el coc\u00e9nao del amor infinito\u201d. La tercera, \u201cCaridad en la verdad\u201d, se vale de la coyuntura econ\u00f3mica para indicar que<b>\u00a0\u201cla fuerza m\u00e1s podersosa al servicio del desarrollo es el humanismo cristiano\u201d.<\/b><\/p>\n<p class=\"paragraph\">En materia de di\u00e1logo interreligioso, dio continuidad al v\u00ednculo con los protestantes y, en su viaje a Alemania en 2005, fue el primer Papa en visitar una sinagoga en ese pa\u00eds. Del mismo modo, en su viaje a Turqu\u00eda, visit\u00f3 la mezquita Sult\u00e1n Ahmed. En el a\u00f1o 2008, modific\u00f3 la liturgia de Semana Santa eliminando la menci\u00f3n a los jud\u00edos. Tambi\u00e9n visit\u00f3 el campo de exterminio de Auschwitz.<\/p>\n<p class=\"paragraph\">Abandon\u00f3 el t\u00edtulo de \u201cPatriarca de Occidente\u201d, que representaba un obst\u00e1culo para el di\u00e1logo con las iglesias cristianas ortodoxas; y se reuni\u00f3 con el metropolitano Kiril, iniciando un camino que ser\u00eda continuado por Francisco.<\/p>\n<p class=\"paragraph\">Llam\u00f3 a los pa\u00edses del G-8 a cancelar la deuda externa de los pa\u00edses m\u00e1s pobres, siguiendo una pol\u00edtica ya inaugurada por Juan Pablo II. Fue el primer pont\u00edfice en referirse a Am\u00e9rica Latina como\u00a0<b>\u201cel continente de la esperanza\u201d,\u00a0<\/b>en contraste con la Europa envejecida, por el dinamismo de su fe y su fuerza evangelizadora<\/p>\n<p class=\"paragraph\">Otro legado fundamental de Ratzinger es el intelectual, ya que fue un eminente te\u00f3logo, de lo que dej\u00f3 constancia en varios libros. Entre ellos, ocupan un lugar destacado su\u00a0<i><b>Introducci\u00f3n al Cristianismo<\/b><\/i>, recopilaci\u00f3n de lecciones universitarias publicadas en 1968 sobre la profesi\u00f3n de fe apost\u00f3lica; y\u00a0<i><b>Dogma y revelaci\u00f3n<\/b><\/i>\u00a0(1973), antolog\u00eda de ensayos, predicaciones y reflexiones, dedicadas a lo pastoral.<\/p>\n<p class=\"paragraph\"><b>EL NACIMIENTO PREDESTINADO DE UN FUTURO PAPA<\/b><\/p>\n<p class=\"paragraph\"><b>Joseph Ratzinger<\/b>\u00a0naci\u00f3 en Marktl am Inn, di\u00f3cesis de Passau (Alemania), el 16 de abril de 1927 (era<b>\u00a0S\u00e1bado Santo<\/b>, algo que el propio futuro Papa consider\u00f3 siempre como una predestinaci\u00f3n), y fue bautizado ese mismo d\u00eda. Su padre, comisario de la gendarmer\u00eda, proven\u00eda de una familia de agricultores de la Baja Baviera, de condiciones econ\u00f3micas m\u00e1s bien modestas. Su madre era hija de artesanos de Rimsting, en el lago Chiem, y antes de casarse trabaj\u00f3 como cocinera en varios hoteles.<\/p>\n<p class=\"paragraph\">En su familia, este nacimiento en un d\u00eda tan significativo para la fe cristiana, fue considerado\u00a0<b>\u201cun privilegio<\/b>\u00a0en el cual resid\u00edan una singular esperanza y una predestinaci\u00f3n, que deb\u00edan revelarse con el transcurrir del tiempo\u201d, dir\u00eda Ratzinger en una entrevista en 1998. Y a su bi\u00f3grafo Peter Seewald le dijo: \u201cParece que mis padres hab\u00edan sentido esas gracias como providenciales y me lo dijeron desde el comienzo\u201d.<\/p>\n<p class=\"paragraph\"><b>El S\u00e1bado Santo refleja \u201cla situaci\u00f3n de nuestro siglo, y tambi\u00e9n la de mi vida\u201d,<\/b>\u00a0dec\u00eda Ratzinger. \u201cDe un lado, hay oscuridad, cuestionamiento, peligros, amenaza, y del otro la certeza de que hay luz, de que vale la pena vivir y seguir. El S\u00e1bado Santo es un d\u00eda en que Cristo est\u00e1 misteriosamente oculto y a la vez presente, y eso se ha vuelto un programa de vida para m\u00ed\u201d, explicaba este Papa de profunda fe y extensa formaci\u00f3n teol\u00f3gica.<\/p>\n<p class=\"paragraph\">Seg\u00fan su biograf\u00eda oficial en la web vaticana, el futuro Benedicto XVI pas\u00f3 su infancia y adolescencia en Traunstein, una peque\u00f1a localidad cerca de la frontera con Austria, a 30 kil\u00f3metros de Salzburgo. En ese marco, que \u00e9l mismo ha definido como \u201cmozartiano\u201d, recibi\u00f3 su formaci\u00f3n cristiana, humana y cultural.<\/p>\n<p class=\"paragraph\">El per\u00edodo de su juventud no fue f\u00e1cil.<b>\u00a0<\/b>\u201cLa fe y la educaci\u00f3n de su familia lo prepar\u00f3 para afrontar la dura experiencia de esos tiempos, en los que el r\u00e9gimen nazi manten\u00eda un clima de fuerte hostilidad contra la Iglesia cat\u00f3lica. El joven Joseph vio c\u00f3mo los nazis golpeaban al p\u00e1rroco antes de la celebraci\u00f3n de la santa misa\u201d, rese\u00f1a el apartado del Papa em\u00e9rito en la web del Vaticano.<\/p>\n<p class=\"paragraph\">Precisamente en esa compleja situaci\u00f3n, explica el texto, \u201cdescubri\u00f3 la belleza y la verdad de la fe en Cristo\u201d.\u00a0<b>En los \u00faltimos meses de la Segunda Guerra Mundial fue enrolado en los servicios auxiliares antia\u00e9reos.\u00a0<\/b>De 1946 a 1951 estudi\u00f3 filosof\u00eda y teolog\u00eda en la Escuela Superior de Filosof\u00eda y Teolog\u00eda de Freising y en la Universidad de Munich. Se orden\u00f3 sacerdote el 29 de junio de 1951.<\/p>\n<p class=\"paragraph\">Un a\u00f1o despu\u00e9s, inici\u00f3 su actividad de profesor en la Escuela Superior de Freising. En el a\u00f1o 1953 se doctor\u00f3 en Teolog\u00eda con la tesis: \u201cPueblo y casa de Dios en la doctrina de la Iglesia de San Agust\u00edn\u201d. Cuatro a\u00f1os m\u00e1s tarde, bajo la direcci\u00f3n del conocido profesor de teolog\u00eda fundamental Gottlieb S\u00f6hngen, obtuvo la habilitaci\u00f3n para la ense\u00f1anza con una disertaci\u00f3n sobre:\u00a0<b>\u201cLa teolog\u00eda de la historia de San Buenaventura\u201d.<\/b><\/p>\n<p class=\"paragraph\">Tras ejercer el cargo de profesor de Teolog\u00eda Dogm\u00e1tica y Fundamental en Freising, sigui\u00f3 su actividad de ense\u00f1anza en Bonn, de 1959 a 1963; en M\u00fcnster, de 1963 a 1966; y en Tubinga, de 1966 a 1969. En este \u00faltimo a\u00f1o pas\u00f3 a ser catedr\u00e1tico de Dogm\u00e1tica e Historia del dogma en la Universidad de Ratisbona, donde ocup\u00f3 tambi\u00e9n el cargo de vicepresidente de la Universidad.<\/p>\n<p class=\"paragraph\"><b>De 1962 a 1965 realiz\u00f3 una notable contribuci\u00f3n al Concilio Vaticano II como \u201cexperto\u201d<\/b>; acudi\u00f3 en calidad de consultor teol\u00f3gico del cardenal Joseph Frings, arzobispo de Colonia.<\/p>\n<p class=\"paragraph\">Su intensa actividad acad\u00e9mica lo llev\u00f3 a desempe\u00f1ar importantes cargos al servicio de la Conferencia Episcopal Alemana y en la Comisi\u00f3n Teol\u00f3gica Internacional.<b>\u00a0<\/b>En 1972, juntamente con Hans Urs von Balthasar, Henri de Lubac y otros grandes te\u00f3logos de la \u00e9poca, cre\u00f3 la revista de teolog\u00eda \u201cCommunio\u201d.<\/p>\n<p class=\"paragraph\">El 25 de marzo de 1977,\u00a0<b>el Papa Pablo VI lo nombr\u00f3 arzobispo de Munich y Freising<\/b>. El 28 de mayo del mismo a\u00f1o recibi\u00f3 la consagraci\u00f3n episcopal. Fue el primer sacerdote diocesano, despu\u00e9s de 80 a\u00f1os, que asumi\u00f3 el gobierno pastoral de la gran arquidi\u00f3cesis b\u00e1vara. Escogi\u00f3 como lema episcopal: \u201cColaborador de la verdad\u201d. \u00c9l mismo explic\u00f3 el porqu\u00e9: \u201cPor un lado, me parec\u00eda que esa era la relaci\u00f3n entre mi tarea previa como profesor y mi nueva misi\u00f3n. A pesar de los diferentes modos, lo que estaba en juego y segu\u00eda est\u00e1ndolo era seguir la verdad, estar a su servicio. Y, por otro,\u00a0<b>escog\u00ed ese lema porque en el mundo de hoy el tema de la verdad se omite casi totalmente,<\/b>\u00a0pues parece algo demasiado grande para el hombre y, sin embargo, todo se desmorona si falta la verdad\u201d.<\/p>\n<p class=\"paragraph\">Pablo VI lo hizo cardenal en el consistorio del 27 de junio de ese mismo a\u00f1o 77.<\/p>\n<p class=\"paragraph\">En 1978 particip\u00f3 en el C\u00f3nclave, celebrado del 25 al 26 de agosto, que\u00a0<b>eligi\u00f3 a Juan Pablo I, quien lo nombr\u00f3 enviado especial suyo al III Congreso mariol\u00f3gico internacional,\u00a0<\/b>celebrado en Guayaquil (Ecuador), del 16 al 24 de septiembre. En el mes de octubre de ese mismo a\u00f1o, luego de la muerte prematura y repentina de Juan Pablo I, particip\u00f3 tambi\u00e9n en el C\u00f3nclave que eligi\u00f3 a Juan Pablo II.<\/p>\n<\/div>\n<\/div>\n","protected":false},"excerpt":{"rendered":"<p>Joseph Ratzinger, tal era su nombre secular, ocup\u00f3 el trono de Pedro durante 8 a\u00f1os,&#8230;<\/p>\n","protected":false},"author":1,"featured_media":12851,"comment_status":"open","ping_status":"closed","sticky":false,"template":"","format":"standard","meta":{"footnotes":""},"categories":[37],"tags":[],"class_list":["post-12849","post","type-post","status-publish","format-standard","has-post-thumbnail","hentry","category-nacional"],"_links":{"self":[{"href":"https:\/\/chaneltodaycancun.com\/index.php\/wp-json\/wp\/v2\/posts\/12849","targetHints":{"allow":["GET"]}}],"collection":[{"href":"https:\/\/chaneltodaycancun.com\/index.php\/wp-json\/wp\/v2\/posts"}],"about":[{"href":"https:\/\/chaneltodaycancun.com\/index.php\/wp-json\/wp\/v2\/types\/post"}],"author":[{"embeddable":true,"href":"https:\/\/chaneltodaycancun.com\/index.php\/wp-json\/wp\/v2\/users\/1"}],"replies":[{"embeddable":true,"href":"https:\/\/chaneltodaycancun.com\/index.php\/wp-json\/wp\/v2\/comments?post=12849"}],"version-history":[{"count":1,"href":"https:\/\/chaneltodaycancun.com\/index.php\/wp-json\/wp\/v2\/posts\/12849\/revisions"}],"predecessor-version":[{"id":12850,"href":"https:\/\/chaneltodaycancun.com\/index.php\/wp-json\/wp\/v2\/posts\/12849\/revisions\/12850"}],"wp:featuredmedia":[{"embeddable":true,"href":"https:\/\/chaneltodaycancun.com\/index.php\/wp-json\/wp\/v2\/media\/12851"}],"wp:attachment":[{"href":"https:\/\/chaneltodaycancun.com\/index.php\/wp-json\/wp\/v2\/media?parent=12849"}],"wp:term":[{"taxonomy":"category","embeddable":true,"href":"https:\/\/chaneltodaycancun.com\/index.php\/wp-json\/wp\/v2\/categories?post=12849"},{"taxonomy":"post_tag","embeddable":true,"href":"https:\/\/chaneltodaycancun.com\/index.php\/wp-json\/wp\/v2\/tags?post=12849"}],"curies":[{"name":"wp","href":"https:\/\/api.w.org\/{rel}","templated":true}]}}