{"id":13199,"date":"2023-01-10T16:24:05","date_gmt":"2023-01-10T21:24:05","guid":{"rendered":"https:\/\/chaneltodaycancun.com\/?p=13199"},"modified":"2023-01-10T21:24:06","modified_gmt":"2023-01-10T21:24:06","slug":"cancun-pelea-entre-taxistas-y-uber-se-define-en-la-justicia-esta-semana","status":"publish","type":"post","link":"https:\/\/chaneltodaycancun.com\/index.php\/2023\/01\/10\/cancun-pelea-entre-taxistas-y-uber-se-define-en-la-justicia-esta-semana\/","title":{"rendered":"Canc\u00fan: pelea entre taxistas y Uber se define en la Justicia esta semana"},"content":{"rendered":"<p>El conflicto entre taxistas y la plataforma Uber podr\u00eda resolverse el pr\u00f3ximo 11 de enero, pues de acuerdo con el cronograma oficial del Consejo de la Judicatura Federal en Quintana Roo, el segundo asunto a tratar ese d\u00eda es precisamente el amparo en revisi\u00f3n 334\/2019, interpuesto por Uber M\u00e9xico.<\/p>\n<p>De tal manera este mi\u00e9rcoles 11 de enero se tendr\u00eda que determinar si el servicio que se presta en esta entidad a trav\u00e9s de la plataforma de Uber es privado, lo que les permitir\u00e1 operar en todo el estado sin necesidad de concesi\u00f3n, como lo establece la Ley de Movilidad local y a lo que los taxistas han mostrado total rechazo.<\/p>\n<p>Como se recordar\u00e1, el pasado 14 de diciembre se ten\u00eda agendada la sesi\u00f3n del poder judicial para tratar este asunto, sin embargo, el caso se dej\u00f3 en lista de espera, no cumpli\u00e9ndose el plazo que establece la ley. Ese d\u00eda cientos de taxistas bloquearon la calle frente a los juzgados donde se celebrar\u00eda la sesi\u00f3n, adem\u00e1s de hacer manifestaciones en otras partes del estado.<\/p>\n<p>Mientras tanto, numerosos socios conductores de Uber presentaron una queja ante la Comisi\u00f3n de Derechos Humanos del Estado de Quintana Roo por las agresiones y amenazas de las que han sido v\u00edctimas por parte de taxistas del sindicato Andr\u00e9s Quintana Roo.<\/p>\n<p>El conflicto entre Uber y los taxistas de Quintana Roo ha escalado con manifestaciones violentas. Como revel\u00f3<em>,<\/em>\u00a0varios operadores de la plataforma digital ofrecieron una conferencia de prensa a fin de a\u00f1o para dar detalles de las agresiones y amenazas de muerte por parte de los choferes del Sindicato de Taxistas Andr\u00e9s Quintana Roo (Canc\u00fan: taxistas amenazan con pistolas a conductores de Uber).<\/p>\n","protected":false},"excerpt":{"rendered":"<p>El conflicto entre taxistas y la plataforma Uber podr\u00eda resolverse el pr\u00f3ximo 11 de enero,&#8230;<\/p>\n","protected":false},"author":1,"featured_media":13201,"comment_status":"open","ping_status":"closed","sticky":false,"template":"","format":"standard","meta":{"footnotes":""},"categories":[27],"tags":[],"class_list":["post-13199","post","type-post","status-publish","format-standard","has-post-thumbnail","hentry","category-local"],"_links":{"self":[{"href":"https:\/\/chaneltodaycancun.com\/index.php\/wp-json\/wp\/v2\/posts\/13199","targetHints":{"allow":["GET"]}}],"collection":[{"href":"https:\/\/chaneltodaycancun.com\/index.php\/wp-json\/wp\/v2\/posts"}],"about":[{"href":"https:\/\/chaneltodaycancun.com\/index.php\/wp-json\/wp\/v2\/types\/post"}],"author":[{"embeddable":true,"href":"https:\/\/chaneltodaycancun.com\/index.php\/wp-json\/wp\/v2\/users\/1"}],"replies":[{"embeddable":true,"href":"https:\/\/chaneltodaycancun.com\/index.php\/wp-json\/wp\/v2\/comments?post=13199"}],"version-history":[{"count":1,"href":"https:\/\/chaneltodaycancun.com\/index.php\/wp-json\/wp\/v2\/posts\/13199\/revisions"}],"predecessor-version":[{"id":13200,"href":"https:\/\/chaneltodaycancun.com\/index.php\/wp-json\/wp\/v2\/posts\/13199\/revisions\/13200"}],"wp:featuredmedia":[{"embeddable":true,"href":"https:\/\/chaneltodaycancun.com\/index.php\/wp-json\/wp\/v2\/media\/13201"}],"wp:attachment":[{"href":"https:\/\/chaneltodaycancun.com\/index.php\/wp-json\/wp\/v2\/media?parent=13199"}],"wp:term":[{"taxonomy":"category","embeddable":true,"href":"https:\/\/chaneltodaycancun.com\/index.php\/wp-json\/wp\/v2\/categories?post=13199"},{"taxonomy":"post_tag","embeddable":true,"href":"https:\/\/chaneltodaycancun.com\/index.php\/wp-json\/wp\/v2\/tags?post=13199"}],"curies":[{"name":"wp","href":"https:\/\/api.w.org\/{rel}","templated":true}]}}