{"id":13310,"date":"2023-05-23T14:07:15","date_gmt":"2023-05-23T19:07:15","guid":{"rendered":"https:\/\/chaneltodaycancun.com\/?p=13310"},"modified":"2023-05-23T19:07:17","modified_gmt":"2023-05-23T19:07:17","slug":"descartan-elevar-alerta-por-actividad-del-popo","status":"publish","type":"post","link":"https:\/\/chaneltodaycancun.com\/index.php\/2023\/05\/23\/descartan-elevar-alerta-por-actividad-del-popo\/","title":{"rendered":"Descartan elevar alerta por actividad del Popo"},"content":{"rendered":"<p>El presidente Andr\u00e9s Manuel L\u00f3pez Obrador descart\u00f3 incrementar la alerta de Protecci\u00f3n Civil por la actividad del volc\u00e1n Popocat\u00e9petl, pues su intensidad disminuy\u00f3.<\/p>\n<p>Asimismo, llam\u00f3 a las aerol\u00edneas a asumir su responsabilidad por los retrasos en sus vuelos.<\/p>\n<p>\u201cEl volc\u00e1n ha bajado su intensidad, no hay alarma. Es menos tambi\u00e9n la ceniza que emite, b\u00e1sicamente m\u00e1s hacia Puebla, el resto de los estados no tienen lluvia de ceniza y estamos pendientes d\u00eda y noche que no haya alarma, nosotros estamos velando.<\/p>\n<p>\u201cSe est\u00e1n reuniendo constantemente los vulcan\u00f3logos, especialistas y no hay ninguna decisi\u00f3n de pasar a otra fase, es el Sem\u00e1foro Amarillo fase 3, o sea, todav\u00eda es preventivo, ya se hicieron las revisiones de las v\u00edas para evacuar, que no haya ning\u00fan problema, se est\u00e1 trabajando en todo lo preventivo, pero que no haya alarma y procurar ser muy objetivo al informar para no atemorizar a la gente\u201d, dijo.<\/p>\n<p>El Ejecutivo federal destac\u00f3 que desde el Gobierno de M\u00e9xico est\u00e1n pendientes de la actividad del volc\u00e1n, \u201cy cualquier cosa de inmediato vamos a informar, pero sentimos que no va haber problema.<\/p>\n<p>\u201cYa tambi\u00e9n todas las l\u00edneas (a\u00e9reas) est\u00e1n restableciendo sus vuelos, en algunos casos que no le echen la culpa a don Goyo, es porque ellos tienen fallas, algunas l\u00edneas comerciales que no est\u00e1n llegando pilotos, que tienen ah\u00ed sus problemas que tienen que resolver, atender bien a sus trabajadores y no es por el volc\u00e1n\u201d, expuso.<\/p>\n","protected":false},"excerpt":{"rendered":"<p>El presidente Andr\u00e9s Manuel L\u00f3pez Obrador descart\u00f3 incrementar la alerta de Protecci\u00f3n Civil por la&#8230;<\/p>\n","protected":false},"author":1,"featured_media":13312,"comment_status":"open","ping_status":"closed","sticky":false,"template":"","format":"standard","meta":{"footnotes":""},"categories":[37],"tags":[],"class_list":["post-13310","post","type-post","status-publish","format-standard","has-post-thumbnail","hentry","category-nacional"],"_links":{"self":[{"href":"https:\/\/chaneltodaycancun.com\/index.php\/wp-json\/wp\/v2\/posts\/13310","targetHints":{"allow":["GET"]}}],"collection":[{"href":"https:\/\/chaneltodaycancun.com\/index.php\/wp-json\/wp\/v2\/posts"}],"about":[{"href":"https:\/\/chaneltodaycancun.com\/index.php\/wp-json\/wp\/v2\/types\/post"}],"author":[{"embeddable":true,"href":"https:\/\/chaneltodaycancun.com\/index.php\/wp-json\/wp\/v2\/users\/1"}],"replies":[{"embeddable":true,"href":"https:\/\/chaneltodaycancun.com\/index.php\/wp-json\/wp\/v2\/comments?post=13310"}],"version-history":[{"count":1,"href":"https:\/\/chaneltodaycancun.com\/index.php\/wp-json\/wp\/v2\/posts\/13310\/revisions"}],"predecessor-version":[{"id":13311,"href":"https:\/\/chaneltodaycancun.com\/index.php\/wp-json\/wp\/v2\/posts\/13310\/revisions\/13311"}],"wp:featuredmedia":[{"embeddable":true,"href":"https:\/\/chaneltodaycancun.com\/index.php\/wp-json\/wp\/v2\/media\/13312"}],"wp:attachment":[{"href":"https:\/\/chaneltodaycancun.com\/index.php\/wp-json\/wp\/v2\/media?parent=13310"}],"wp:term":[{"taxonomy":"category","embeddable":true,"href":"https:\/\/chaneltodaycancun.com\/index.php\/wp-json\/wp\/v2\/categories?post=13310"},{"taxonomy":"post_tag","embeddable":true,"href":"https:\/\/chaneltodaycancun.com\/index.php\/wp-json\/wp\/v2\/tags?post=13310"}],"curies":[{"name":"wp","href":"https:\/\/api.w.org\/{rel}","templated":true}]}}