{"id":13313,"date":"2023-05-23T15:34:31","date_gmt":"2023-05-23T20:34:31","guid":{"rendered":"https:\/\/chaneltodaycancun.com\/?p=13313"},"modified":"2023-05-23T20:34:33","modified_gmt":"2023-05-23T20:34:33","slug":"dia-del-estudiante-cual-es-el-origen-de-esta-celebracion-en-mexico","status":"publish","type":"post","link":"https:\/\/chaneltodaycancun.com\/index.php\/2023\/05\/23\/dia-del-estudiante-cual-es-el-origen-de-esta-celebracion-en-mexico\/","title":{"rendered":"D\u00eda del Estudiante: \u00bfCu\u00e1l es el origen de esta celebraci\u00f3n en M\u00e9xico?"},"content":{"rendered":"<div class=\"sc__header mx-auto  lg:max-w-screen-lg \">\n<h4 class=\"subTitle text-2xl mb-5\" style=\"text-align: center;\">Un sector de la poblaci\u00f3n mexicana se pregunta sobre la fecha y qu\u00e9 fue lo que ocurri\u00f3 para que se otorgara dicho d\u00eda como algo simb\u00f3lico para el estudiante<\/h4>\n<\/div>\n<div class=\"story-image mx-auto  lg:max-w-screen-lg\">\n<p class=\"sc__font-paragraph\">Este martes 23 de mayo se conmemora del\u00a0<b>D\u00eda del Estudiante\u00a0<\/b>en honor al movimiento con el que este sector logr\u00f3 la autonom\u00eda de la Universidad Nacional Aut\u00f3noma de M\u00e9xico (<b>UNAM<\/b>).<\/p>\n<p class=\"sc__font-paragraph\">Por lo anterior, un sector de la poblaci\u00f3n se pregunta sobre la fecha y qu\u00e9 fue lo que ocurri\u00f3 para que se otorgara dicho d\u00eda como algo simb\u00f3lico para el estudiante.<\/p>\n<h2 class=\"sc__header\">\u00bfCu\u00e1l es el origen del D\u00eda del Estudiante en M\u00e9xico?<\/h2>\n<p class=\"sc__font-paragraph\">De acuerdo con la Comisi\u00f3n Nacional de los Derechos Humanos (<b>CNDH<\/b>), en M\u00e9xico se declar\u00f3 el 23 de mayo como D\u00eda del Estudiante en conmemoraci\u00f3n al movimiento estudiantil de 1929, que llev\u00f3 a la entonces Universidad Nacional a adquirir la autonom\u00eda.<\/p>\n<p class=\"sc__font-paragraph\">&#8220;Todo dio comienzo cuando el 22 de septiembre de 1910, bajo el mandato del presidente Porfirio D\u00edaz, se inaugur\u00f3 la\u00a0<b>Universidad Nacional Aut\u00f3noma de M\u00e9xico<\/b>\u00a0, cumpliendo un mandato emitido en mayo del mismo a\u00f1o, el cual formalizaba la\u00a0<b>Ley Constitutiva\u00a0<\/b>presentada por Justo Sierra. Hasta 1929, dicha ley se\u00f1alaba al Ministro de Instrucci\u00f3n P\u00fablica como jefe de la Universidad, y el rector era nombrado por el Presidente de la Rep\u00fablica&#8221;, se lee en el texto.<\/p>\n<div id=\"taboola-mid-article-thumbnails\" class=\" trc_related_container trc_spotlight_widget trc_elastic trc_elastic_thumbnails-md1 \" data-placement-name=\"Mid Article Thumbnails\">\n<div class=\"trc_rbox_container\">\n<div>\n<div id=\"trc_wrapper_82973\" class=\"trc_rbox thumbnails-md1 trc-content-sponsored \">\n<div id=\"trc_header_82973\" class=\"trc_rbox_header trc_rbox_border_elm\">\n<div class=\"trc_header_ext\">\n<p class=\"sc__font-paragraph\">Debido a ello, &#8220;las autoridades universitarias decidieron hacer dos cambios: aumentar un a\u00f1o a la educaci\u00f3n preparatoria y cambiar los ex\u00e1menes profesionales en la Facultad de Derecho, lo cual provoc\u00f3 que los alumnos de dicha facultad se inconformaran, e intentaron negociar con las autoridades quienes se negaron a ello. Posteriormente colocaron la bandera rojinegra en la facultad. Dos d\u00edas despu\u00e9s, por \u00f3rdenes del presidente\u00a0<b>Emilio Portes Gil<\/b>, el rector clausur\u00f3 la facultad. El 9 de mayo, la huelga fue declarada oficialmente&#8221;.<\/p>\n<p class=\"sc__font-paragraph\">Sin embargo, &#8220;tras una serie de eventos y protestas que culminaron en una huelga general, los alumnos fueron agredidos brutalmente por la Polic\u00eda dentro de las instalaciones de la Escuela de Derecho el d\u00eda 23 de mayo. Hubo una gran cantidad de heridos de ambas partes y m\u00e1s planteles se unieron a las protestas. A raz\u00f3n de lo sucedido, el doctor\u00a0<b>Jos\u00e9 Manuel Puig Casauranc<\/b>, jefe del entonces Departamento del Distrito Federal, se ofreci\u00f3 como intermediario en las negociaciones ante el presidente&#8221;.D\u00edas despu\u00e9s, el 25 de mayo, Puig Casauranc, envi\u00f3 un memor\u00e1ndum al presidente\u00a0<b>Emilio Portes Gil<\/b>, aconsejando la concesi\u00f3n de la autonom\u00eda universitaria. Ese d\u00eda, en los diarios de la \u00e9poca, se public\u00f3:<\/p>\n<p class=\"sc__font-paragraph\">\u201cA las doce y media horas se retiraron las tropas. A las diecisiete ten\u00eda lugar, en la Facultad de Derecho, un mitin. Se homenaje\u00f3 a los heridos del 23 y se exigi\u00f3 que el 23 de mayo fuera declarado D\u00eda del Estudiante y que en la Plaza de Santo Domingo fuera colocada una placa con el texto Plaza 23 de Mayo. El doctor Puig Casauranc se declar\u00f3 a favor, y placas fueron colocadas\u2026 unos d\u00edas m\u00e1s tarde\u201d, detall\u00f3 el organismo.<\/p>\n<p class=\"sc__font-paragraph\">Finalmente, el 10 de julio de 1929 fue promulgada dicha ley Org\u00e1nica, con la que naci\u00f3 la Universidad Nacional de M\u00e9xico, Aut\u00f3noma, que a\u00f1os m\u00e1s tarde se conocer\u00eda como la\u00a0<b>UNAM<\/b>.<\/p>\n<\/div>\n<\/div>\n<\/div>\n<\/div>\n<\/div>\n<\/div>\n<\/div>\n","protected":false},"excerpt":{"rendered":"<p>Un sector de la poblaci\u00f3n mexicana se pregunta sobre la fecha y qu\u00e9 fue lo&#8230;<\/p>\n","protected":false},"author":1,"featured_media":13315,"comment_status":"open","ping_status":"closed","sticky":false,"template":"","format":"standard","meta":{"footnotes":""},"categories":[47],"tags":[],"class_list":["post-13313","post","type-post","status-publish","format-standard","has-post-thumbnail","hentry","category-cultural"],"_links":{"self":[{"href":"https:\/\/chaneltodaycancun.com\/index.php\/wp-json\/wp\/v2\/posts\/13313","targetHints":{"allow":["GET"]}}],"collection":[{"href":"https:\/\/chaneltodaycancun.com\/index.php\/wp-json\/wp\/v2\/posts"}],"about":[{"href":"https:\/\/chaneltodaycancun.com\/index.php\/wp-json\/wp\/v2\/types\/post"}],"author":[{"embeddable":true,"href":"https:\/\/chaneltodaycancun.com\/index.php\/wp-json\/wp\/v2\/users\/1"}],"replies":[{"embeddable":true,"href":"https:\/\/chaneltodaycancun.com\/index.php\/wp-json\/wp\/v2\/comments?post=13313"}],"version-history":[{"count":1,"href":"https:\/\/chaneltodaycancun.com\/index.php\/wp-json\/wp\/v2\/posts\/13313\/revisions"}],"predecessor-version":[{"id":13314,"href":"https:\/\/chaneltodaycancun.com\/index.php\/wp-json\/wp\/v2\/posts\/13313\/revisions\/13314"}],"wp:featuredmedia":[{"embeddable":true,"href":"https:\/\/chaneltodaycancun.com\/index.php\/wp-json\/wp\/v2\/media\/13315"}],"wp:attachment":[{"href":"https:\/\/chaneltodaycancun.com\/index.php\/wp-json\/wp\/v2\/media?parent=13313"}],"wp:term":[{"taxonomy":"category","embeddable":true,"href":"https:\/\/chaneltodaycancun.com\/index.php\/wp-json\/wp\/v2\/categories?post=13313"},{"taxonomy":"post_tag","embeddable":true,"href":"https:\/\/chaneltodaycancun.com\/index.php\/wp-json\/wp\/v2\/tags?post=13313"}],"curies":[{"name":"wp","href":"https:\/\/api.w.org\/{rel}","templated":true}]}}