{"id":13331,"date":"2023-05-23T16:15:18","date_gmt":"2023-05-23T21:15:18","guid":{"rendered":"https:\/\/chaneltodaycancun.com\/?p=13331"},"modified":"2023-05-23T21:15:20","modified_gmt":"2023-05-23T21:15:20","slug":"prohiben-generos-musicales-en-conciertos-de-cancun-por-apologia-a-la-violencia","status":"publish","type":"post","link":"https:\/\/chaneltodaycancun.com\/index.php\/2023\/05\/23\/prohiben-generos-musicales-en-conciertos-de-cancun-por-apologia-a-la-violencia\/","title":{"rendered":"Proh\u00edben g\u00e9neros musicales en conciertos de Canc\u00fan por apolog\u00eda a la violencia"},"content":{"rendered":"<div class=\"row\">\n<div class=\"col-sm-xl-12 layout-section wrap-bottom\">\n<h4 class=\"primary-font__PrimaryFontStyles-o56yd5-0 heuGTu h4-primary sub-headline\" style=\"text-align: center;\">El secretario general del Ayuntamiento, Jorge Aguilar Osorio, asegur\u00f3 que este tipo de m\u00fasica fomenta la violencia, por lo que la decisi\u00f3n es a favor de los valores y principios de la sociedad.<\/h4>\n<div class=\"default__StyledDiv-cj38t1-0 gCPfDm share-bar\"><\/div>\n<\/div>\n<\/div>\n<div class=\"row\">\n<div class=\"col-sm-md-12 col-lg-xl-8 left-article-section ie-flex-100-percent-sm layout-section\">\n<p class=\"default__StyledText-xb1qmn-0 cgXrXK body-paragraph\">Alfredo R\u00edos \u2018El Komander\u2019\u00a0fue uno de los artistas que\u00a0<b>cancel\u00f3 su concierto\u00a0<\/b>en\u00a0<b>Canc\u00fan<\/b>\u00a0luego de que el Ayuntamiento de Benito Ju\u00e1rez asegurara que no seguir\u00e1 autorizando eventos p\u00fablicos de algunos\u00a0g\u00e9neros musicales\u00a0que promuevan la\u00a0apolog\u00eda de la violencia.<\/p>\n<p class=\"default__StyledText-xb1qmn-0 cgXrXK body-paragraph\">En un video en sus redes sociales,\u00a0<b>Jorge Aguilar Osorio<\/b>, su secretario general, afirm\u00f3 la raz\u00f3n de la postura, que es de las autoridades y no personal. \u201cLa no realizaci\u00f3n del concierto del d\u00eda de ayer tiene que ver con que el Ayuntamiento de Benito Ju\u00e1rez ha tomado la decisi\u00f3n de no seguir autorizando espect\u00e1culos p\u00fablicos que fomenten la violencia\u201d, argument\u00f3.<\/p>\n<p class=\"default__StyledText-xb1qmn-0 cgXrXK body-paragraph\">\u201cNosotros no limitamos la libertad de expresi\u00f3n, cada quien puede escuchar la m\u00fasica que quiere, los artistas pueden cantar la m\u00fasica que quieran, pero las autoridades no pueden tener esta ambig\u00fcedad entre estar buscando una mejor sociedad llena de paz, de tranquilidad, de seguridad y, por el otro lado, elevar las alertas cada vez que tenemos este tipo de conciertos en virtud de las probabilidades de violencia que puede generar\u201d, a\u00f1adi\u00f3.<\/p>\n<p class=\"default__StyledText-xb1qmn-0 cgXrXK body-paragraph\">El gobierno record\u00f3 incidentes que han ocurrido en el pasado en recintos como la Plaza de Toros y apunt\u00f3 a que buscan promover los\u00a0<b>valores y principios\u00a0<\/b>entre la poblaci\u00f3n. \u201cDesde luego nos toca asumir este tipo de decisiones que no siempre son bien recibidas por alg\u00fan sector de la sociedad, pero sin duda se hacen con la intenci\u00f3n de que la mayor\u00eda est\u00e9 seguro\u201d.<\/p>\n<article class=\"container-fluid inline-promo border border_solid border_top color_black_1\">\n<div class=\"inline-promo-wrapper inline-promo-image\">\n<h2 class=\"heading__StyledHeading-sc-5jxglz-0 kSxoe\">Artistas afectados tras prohibici\u00f3n en Canc\u00fan<\/h2>\n<p class=\"default__StyledText-xb1qmn-0 cgXrXK body-paragraph\">\u2018El Komander\u2019 se presentar\u00eda el 19 de mayo, pero no fue el \u00fanico afectado ya que tambi\u00e9n el rapero\u00a0<b>Alem\u00e1n<\/b>\u00a0con Millonario tuvieron que cancelar sus planes, por lo que expresaron que todo es a ra\u00edz de la nueva ley.<\/p>\n<p class=\"default__StyledText-xb1qmn-0 cgXrXK body-paragraph\">En tanto,\u00a0Grupo Firme anunci\u00f3 que no dar\u00e1 su presentaci\u00f3n en vivo\u00a0agendada para el pr\u00f3ximo 1 de julio en el Estadio Andr\u00e9s Quintana Roo, antiguo hogar del Club de F\u00fatbol Atlante, as\u00ed como las programadas en Michoac\u00e1n y Veracruz.<\/p>\n<p class=\"default__StyledText-xb1qmn-0 cgXrXK body-paragraph\">En un comunicado se dijo que se debi\u00f3 a causas de fuerza mayor y por condiciones ajenas a los artistas, aunque\u00a0Eduin Caz\u00a0tambi\u00e9n cont\u00f3 que la producci\u00f3n era deficiente y que se juntaba con el nacimiento de su pr\u00f3ximo beb\u00e9.<\/p>\n<\/div>\n<\/article>\n<\/div>\n<\/div>\n","protected":false},"excerpt":{"rendered":"<p>El secretario general del Ayuntamiento, Jorge Aguilar Osorio, asegur\u00f3 que este tipo de m\u00fasica fomenta&#8230;<\/p>\n","protected":false},"author":1,"featured_media":13333,"comment_status":"open","ping_status":"closed","sticky":false,"template":"","format":"standard","meta":{"footnotes":""},"categories":[27],"tags":[],"class_list":["post-13331","post","type-post","status-publish","format-standard","has-post-thumbnail","hentry","category-local"],"_links":{"self":[{"href":"https:\/\/chaneltodaycancun.com\/index.php\/wp-json\/wp\/v2\/posts\/13331","targetHints":{"allow":["GET"]}}],"collection":[{"href":"https:\/\/chaneltodaycancun.com\/index.php\/wp-json\/wp\/v2\/posts"}],"about":[{"href":"https:\/\/chaneltodaycancun.com\/index.php\/wp-json\/wp\/v2\/types\/post"}],"author":[{"embeddable":true,"href":"https:\/\/chaneltodaycancun.com\/index.php\/wp-json\/wp\/v2\/users\/1"}],"replies":[{"embeddable":true,"href":"https:\/\/chaneltodaycancun.com\/index.php\/wp-json\/wp\/v2\/comments?post=13331"}],"version-history":[{"count":1,"href":"https:\/\/chaneltodaycancun.com\/index.php\/wp-json\/wp\/v2\/posts\/13331\/revisions"}],"predecessor-version":[{"id":13332,"href":"https:\/\/chaneltodaycancun.com\/index.php\/wp-json\/wp\/v2\/posts\/13331\/revisions\/13332"}],"wp:featuredmedia":[{"embeddable":true,"href":"https:\/\/chaneltodaycancun.com\/index.php\/wp-json\/wp\/v2\/media\/13333"}],"wp:attachment":[{"href":"https:\/\/chaneltodaycancun.com\/index.php\/wp-json\/wp\/v2\/media?parent=13331"}],"wp:term":[{"taxonomy":"category","embeddable":true,"href":"https:\/\/chaneltodaycancun.com\/index.php\/wp-json\/wp\/v2\/categories?post=13331"},{"taxonomy":"post_tag","embeddable":true,"href":"https:\/\/chaneltodaycancun.com\/index.php\/wp-json\/wp\/v2\/tags?post=13331"}],"curies":[{"name":"wp","href":"https:\/\/api.w.org\/{rel}","templated":true}]}}