{"id":13432,"date":"2023-05-26T15:38:51","date_gmt":"2023-05-26T20:38:51","guid":{"rendered":"https:\/\/chaneltodaycancun.com\/?p=13432"},"modified":"2023-05-26T20:38:53","modified_gmt":"2023-05-26T20:38:53","slug":"cancun-principal-punto-de-ingreso-al-pais-via-aerea","status":"publish","type":"post","link":"https:\/\/chaneltodaycancun.com\/index.php\/2023\/05\/26\/cancun-principal-punto-de-ingreso-al-pais-via-aerea\/","title":{"rendered":"Canc\u00fan, principal punto de ingreso al pa\u00eds v\u00eda a\u00e9rea"},"content":{"rendered":"<div class=\"jsx-3315747106 \">\n<p>El turismo en Canc\u00fan sigue en alza, con un incremento r\u00e9cord que apunta a superar los 40 millones de visitantes internacionales en 2023.<\/p>\n<\/div>\n<div class=\"jsx-1921398030 newsbody\">\n<div class=\"jsx-670345696 share fixed\"><\/div>\n<div class=\"jsx-1921398030\">\n<div class=\"jsx-1020194127\">\n<p class=\"jsx-3954459878\">Al cierre de 2023 se espera que M\u00e9xico supere los<strong>\u00a040 millones de turistas internacionales,<\/strong>\u00a0con Canc\u00fan como el principal punto de ingreso al pa\u00eds v\u00eda a\u00e9rea.<\/p>\n<p class=\"jsx-3954459878\">As\u00ed lo dio a conocer<strong>\u00a0Andr\u00e9s Vidal<\/strong>, director d<strong>e Regulaci\u00f3n del Instituto Nacional de Migraci\u00f3n<\/strong>, seg\u00fan el cual en lo que va del a\u00f1o han ingresado ya 10.8 millones de turistas internacionales al pa\u00eds, lo cual representa un incremento de 31.9% respecto del primer cuatrimestre de 2022.<\/p>\n<p class=\"jsx-3954459878\">\u201cDentro de este flujo que hemos tenido, solamente en el primer cuatrimestre del a\u00f1o ha incrementado 31.9%; si seguimos este ritmo, romperemos la barrera de los 39 millones, superando los 40 millones de ingresos en un a\u00f1o; a\u00fan nos faltan las temporadas altas de verano y decembrina\u201d, expuso.<\/p>\n<p class=\"jsx-3954459878\">En lo que va del a\u00f1o, el\u00a0ingreso de turistas internacionales\u00a0por el Aeropuerto Internacional de Canc\u00fan (AIC) es de 3.8 millones, lo que lo ubica como el de mayor volumen,\u00a0<strong class=\"fi-aic_250\">por encima de Ciudad de M\u00e9xico,\u00a0<\/strong>que tiene contabilizados 2.8 millones, aunque en conjunto representan 61% de las internaciones.<\/p>\n<p class=\"jsx-3954459878\">Dado ese volumen, se anunci\u00f3 que en breve\u00a0ampliar\u00e1n la cobertura de los Filtros Migratorios Aut\u00f3nomos o E-gates\u00a0para que lo puedan utilizar visitantes de m\u00e1s pa\u00edses, ya que ahora solo funcionan para quienes vienen de Canad\u00e1 y Estados Unidos.<\/p>\n<div class=\"jsx-317244180 jsx-1524344588 jsx-238915999 jsx-2334624270 jsx-771075758 jsx-2932945249 banner\">\n<div class=\"jsx-317244180 jsx-1524344588 jsx-238915999 jsx-2334624270 jsx-771075758 jsx-2932945249\">\n<div class=\"i-amphtml-svc i-amphtml-loading-container i-amphtml-fill-content\">\n<div class=\"amp-active\">\n<div class=\"i-amphtml-new-loader i-amphtml-new-loader-size-default\">\n<div class=\"i-amphtml-new-loader-logo\">\n<div class=\"i-amphtml-new-loader-ad-logo\">\n<p class=\"jsx-3954459878 fi-aic_250\">La ampliaci\u00f3n ser\u00e1 para turistas de Jap\u00f3n, Hungr\u00eda, Noruega, Suecia, Suiza, Alemania y Finlandia.<\/p>\n<h2 class=\"jsx-1282840227\">Crecimiento r\u00e9cord<\/h2>\n<p class=\"jsx-3954459878\">Adem\u00e1s de todo lo anterior, al primer cuatrimestre del a\u00f1o, el Aeropuerto Internacional de Canc\u00fan mantiene una tendencia de crecimiento a\u00fan por arriba de 2022,<strong>\u00a0el a\u00f1o en que estableci\u00f3 su r\u00e9cord hist\u00f3rico de 30.3 millones\u00a0<\/strong>de pasajeros movilizados.<\/p>\n<p class=\"jsx-3954459878\">Entre enero y abril de este a\u00f1o, Aeropuertos del Sureste reporta que la terminal a\u00e9rea de Canc\u00fan ha movilizado 11.3 millones de pasajeros, es decir, 17.1% m\u00e1s respecto del mismo periodo de 2022.<\/p>\n<p class=\"jsx-3954459878 fi-aic_250\">En ese lapso ha movilizado 7.7 millones de pasajeros internacionales, es decir, 14.8% m\u00e1s respecto del primer cuatrimestre del a\u00f1o pasado, as\u00ed como 3.5 millones de viajeros nacionales, lo que representa un crecimiento de 22.3 por ciento.<\/p>\n<h2 class=\"jsx-1282840227\">Programa de Desarrollo Urbano<\/h2>\n<p class=\"jsx-3954459878\">En tanto, la presidenta local de Benito Ju\u00e1rez, Ana Patricia Peralta, inform\u00f3 que impugnar\u00e1n legalmente el amparo concedido a ciudadanos de Canc\u00fan mediante el cual se suspende el Programa de Desarrollo Urbano (PDU) del municipio.<\/p>\n<p class=\"jsx-3954459878 fi-aic_250\">\u201cS\u00ed tenemos conocimiento, pero no nos ha llegado una notificaci\u00f3n formal y nosotros tambi\u00e9n haremos lo pertinente para meter los amparos necesarios. Es un programa municipal de desarrollo que se trabaj\u00f3 en conjunto con la sociedad civil\u201d, refiri\u00f3.<\/p>\n<div class=\"jsx-1020194127\">\n<p class=\"jsx-3954459878 fi-aic_250\">Cabe recordar que el pasado 23 de mayo el juzgado quinto con sede en Quintana Roo otorg\u00f3 la protecci\u00f3n de un amparo a ciudadanos de Canc\u00fan contra el PDU 2022, lo cual suspende la aplicaci\u00f3n de este instrumento.<\/p>\n<\/div>\n<div class=\"jsx-148385675\"><\/div>\n<\/div>\n<\/div>\n<div class=\"i-amphtml-new-loader-spinner-wrapper\"><\/div>\n<\/div>\n<\/div>\n<\/div>\n<\/div>\n<\/div>\n<\/div>\n<\/div>\n<\/div>\n","protected":false},"excerpt":{"rendered":"<p>El turismo en Canc\u00fan sigue en alza, con un incremento r\u00e9cord que apunta a superar&#8230;<\/p>\n","protected":false},"author":1,"featured_media":13434,"comment_status":"open","ping_status":"closed","sticky":false,"template":"","format":"standard","meta":{"footnotes":""},"categories":[27],"tags":[],"class_list":["post-13432","post","type-post","status-publish","format-standard","has-post-thumbnail","hentry","category-local"],"_links":{"self":[{"href":"https:\/\/chaneltodaycancun.com\/index.php\/wp-json\/wp\/v2\/posts\/13432","targetHints":{"allow":["GET"]}}],"collection":[{"href":"https:\/\/chaneltodaycancun.com\/index.php\/wp-json\/wp\/v2\/posts"}],"about":[{"href":"https:\/\/chaneltodaycancun.com\/index.php\/wp-json\/wp\/v2\/types\/post"}],"author":[{"embeddable":true,"href":"https:\/\/chaneltodaycancun.com\/index.php\/wp-json\/wp\/v2\/users\/1"}],"replies":[{"embeddable":true,"href":"https:\/\/chaneltodaycancun.com\/index.php\/wp-json\/wp\/v2\/comments?post=13432"}],"version-history":[{"count":1,"href":"https:\/\/chaneltodaycancun.com\/index.php\/wp-json\/wp\/v2\/posts\/13432\/revisions"}],"predecessor-version":[{"id":13433,"href":"https:\/\/chaneltodaycancun.com\/index.php\/wp-json\/wp\/v2\/posts\/13432\/revisions\/13433"}],"wp:featuredmedia":[{"embeddable":true,"href":"https:\/\/chaneltodaycancun.com\/index.php\/wp-json\/wp\/v2\/media\/13434"}],"wp:attachment":[{"href":"https:\/\/chaneltodaycancun.com\/index.php\/wp-json\/wp\/v2\/media?parent=13432"}],"wp:term":[{"taxonomy":"category","embeddable":true,"href":"https:\/\/chaneltodaycancun.com\/index.php\/wp-json\/wp\/v2\/categories?post=13432"},{"taxonomy":"post_tag","embeddable":true,"href":"https:\/\/chaneltodaycancun.com\/index.php\/wp-json\/wp\/v2\/tags?post=13432"}],"curies":[{"name":"wp","href":"https:\/\/api.w.org\/{rel}","templated":true}]}}