{"id":14246,"date":"2023-06-20T15:43:59","date_gmt":"2023-06-20T20:43:59","guid":{"rendered":"https:\/\/chaneltodaycancun.com\/?p=14246"},"modified":"2023-06-20T20:44:00","modified_gmt":"2023-06-20T20:44:00","slug":"mexico-firmara-una-carta-a-biden-para-que-ayude-a-argentina-a-paliar-su-crisis-financiera","status":"publish","type":"post","link":"https:\/\/chaneltodaycancun.com\/index.php\/2023\/06\/20\/mexico-firmara-una-carta-a-biden-para-que-ayude-a-argentina-a-paliar-su-crisis-financiera\/","title":{"rendered":"M\u00e9xico firmar\u00e1 una carta a Biden para que ayude a Argentina a paliar su crisis financiera"},"content":{"rendered":"<header class=\"a_e _g _g-xs\">\n<div class=\"a_e_txt _df\">\n<h4 class=\"a_st\" style=\"text-align: center;\">La iniciativa se promueve en pa\u00edses latinoamericanos, algunos de los cuales visitar\u00e1 L\u00f3pez Obrador en septiembre<\/h4>\n<\/div>\n<\/header>\n<div class=\"a_md _g _g-xs \">\n<p class=\"\">El presidente mexicano firmar\u00e1 una carta dirigida a su hom\u00f3logo estadounidense, Joe Biden, promovida en pa\u00edses latinoamericanos en la que se pide ayuda para aminorar\u00a0la grave situaci\u00f3n financiera que atraviesa Argentina. \u201cYo s\u00ed la firmar\u00e9\u201d, ha dicho Andr\u00e9s Manuel L\u00f3pez Obrador esta ma\u00f1ana. La crisis argentina \u201cse agrav\u00f3 con la pandemia, con la guerra entre Rusia y Ucrania y una sequ\u00eda muy fuerte que han padecido y que ha mermado sus exportaciones\u201d, ha recordado el mandatario, quien no ha olvidado su cr\u00edtica al Fondo Monetario Internacional, \u201ccorresponsable\u201d de la crisis. \u201c\u00bfC\u00f3mo no va a saber un banco si un cliente tiene o no solvencia?\u201d.<\/p>\n<p class=\"\">El presidente viajar\u00e1 en septiembre por varios pa\u00edses mexicanos, a pesar de que no le gusta salir del pa\u00eds, \u201cporque es pesado\u201d. \u201cAdem\u00e1s, tenemos muy buena relaci\u00f3n con todos los gobiernos del mundo y muy buenos diplom\u00e1ticos, embajadores, c\u00f3nsules\u201d, ha dicho. Visitar\u00e1 Chile el 11 de septiembre invitado por el presidente Gabriel Boric para conmemorar el\u00a050 aniversario de la muerte del presidente Allende,\u00a0v\u00edctima del golpe de Estado de Pinochet, \u201cel general traidor\u201d, como le ha mencionado L\u00f3pez Obrador. Ha expresado su admiraci\u00f3n por Allende, a quien ha comparado con\u00a0Francisco I. Madero, por su pacifismo, su capacidad de di\u00e1logo con todos, ha dicho y v\u00edctimas ambos de \u201cuna pandilla de rufianes\u201d.<\/p>\n<p class=\"\">La reci\u00e9n nombrada canciller, Alicia B\u00e1rcena, ha tenido la oportunidad de recordar la amistad que une a M\u00e9xico con Chile, desde la presencia de la escritora Gabriela Mistral en M\u00e9xico hasta el muralismo en Chile, \u201cm\u00e1s de 100 a\u00f1os de solidaridad entre nuestros pueblos\u201d, dijo en un acto celebrado la pasada semana para la conmemoraci\u00f3n del presidente Allende. \u201cLa memoria no puede ser artefacto de la nostalgia, sino herramienta del presente y del futuro\u201d y record\u00f3 la \u201cdemanda por la verdad, la justicia y la reparaci\u00f3n\u201d.<\/p>\n<p class=\"\">Colombia ser\u00e1 otro de los destinos de su periplo latinoamericano y no descarta Argentina. \u201cEs muy probable que pase a ver a Alberto [Fern\u00e1ndez], nuestro amigo, un gran presidente. Y tambi\u00e9n\u00a0estar\u00e1 en Canad\u00e1 para la cumbre de Am\u00e9rica del Norte. Respecto a Brasil, el mandatario mexicano ha dicho que esperan que sea Lula da Silva quien venga a M\u00e9xico en otra convocatoria. En la toma de posesi\u00f3n del presidente brasile\u00f1o, en enero, fue Beatriz M\u00fcller, esposa de L\u00f3pez Obrador quien asisti\u00f3 en su nombre.<\/p>\n<\/div>\n","protected":false},"excerpt":{"rendered":"<p>La iniciativa se promueve en pa\u00edses latinoamericanos, algunos de los cuales visitar\u00e1 L\u00f3pez Obrador en&#8230;<\/p>\n","protected":false},"author":1,"featured_media":14248,"comment_status":"open","ping_status":"closed","sticky":false,"template":"","format":"standard","meta":{"footnotes":""},"categories":[37],"tags":[],"class_list":["post-14246","post","type-post","status-publish","format-standard","has-post-thumbnail","hentry","category-nacional"],"_links":{"self":[{"href":"https:\/\/chaneltodaycancun.com\/index.php\/wp-json\/wp\/v2\/posts\/14246","targetHints":{"allow":["GET"]}}],"collection":[{"href":"https:\/\/chaneltodaycancun.com\/index.php\/wp-json\/wp\/v2\/posts"}],"about":[{"href":"https:\/\/chaneltodaycancun.com\/index.php\/wp-json\/wp\/v2\/types\/post"}],"author":[{"embeddable":true,"href":"https:\/\/chaneltodaycancun.com\/index.php\/wp-json\/wp\/v2\/users\/1"}],"replies":[{"embeddable":true,"href":"https:\/\/chaneltodaycancun.com\/index.php\/wp-json\/wp\/v2\/comments?post=14246"}],"version-history":[{"count":1,"href":"https:\/\/chaneltodaycancun.com\/index.php\/wp-json\/wp\/v2\/posts\/14246\/revisions"}],"predecessor-version":[{"id":14247,"href":"https:\/\/chaneltodaycancun.com\/index.php\/wp-json\/wp\/v2\/posts\/14246\/revisions\/14247"}],"wp:featuredmedia":[{"embeddable":true,"href":"https:\/\/chaneltodaycancun.com\/index.php\/wp-json\/wp\/v2\/media\/14248"}],"wp:attachment":[{"href":"https:\/\/chaneltodaycancun.com\/index.php\/wp-json\/wp\/v2\/media?parent=14246"}],"wp:term":[{"taxonomy":"category","embeddable":true,"href":"https:\/\/chaneltodaycancun.com\/index.php\/wp-json\/wp\/v2\/categories?post=14246"},{"taxonomy":"post_tag","embeddable":true,"href":"https:\/\/chaneltodaycancun.com\/index.php\/wp-json\/wp\/v2\/tags?post=14246"}],"curies":[{"name":"wp","href":"https:\/\/api.w.org\/{rel}","templated":true}]}}