{"id":14261,"date":"2023-06-20T16:02:17","date_gmt":"2023-06-20T21:02:17","guid":{"rendered":"https:\/\/chaneltodaycancun.com\/?p=14261"},"modified":"2023-06-20T21:02:19","modified_gmt":"2023-06-20T21:02:19","slug":"cancun-mas-ecuatorianos-solicitan-visas-tras-la-ruta-que-abrio-avianca","status":"publish","type":"post","link":"https:\/\/chaneltodaycancun.com\/index.php\/2023\/06\/20\/cancun-mas-ecuatorianos-solicitan-visas-tras-la-ruta-que-abrio-avianca\/","title":{"rendered":"Canc\u00fan: m\u00e1s ecuatorianos solicitan visas tras la ruta que abri\u00f3 Avianca"},"content":{"rendered":"<div class=\"post\">\n<p>La embajada de M\u00e9xico en Ecuador recibe m\u00e1s pedidos de visas a Canc\u00fan de parte de turistas ecuatorianos tras la apertura de la ruta Quito-Canc\u00fan que inaugur\u00f3 Avianca el 15 de junio con tres vuelos semanales y una capacidad de 4.000 asientos disponibles mensualmente. La diplomacia mexicana abri\u00f3 el proceso de solicitud para julio, agosto y septiembre (Avianca: nueva ruta Canc\u00fan \u2013 Quito a partir del 15 de junio)<\/p>\n<p>Ram\u00f3n Mir\u00f3, CEO de Quiport, empresa que tiene a su cargo el manejo de aeropuerto de la ciudad de Quito, coment\u00f3: \u201cEstamos comprometidos con el \u00e9xito de esta nueva ruta que contribuir\u00e1 a la dinamizaci\u00f3n del transporte a\u00e9reo\u00bb. Por su parte, Mar\u00eda Beatriz Gonz\u00e1lez, gerente comercial de Avianca para Ecuador, expres\u00f3: \u201cSeguimos comprometidos con la conectividad de nuestro pa\u00eds con Latinoam\u00e9rica y con nuestros clientes para que disfruten de m\u00e1s destinos\u201d.<\/p>\n<p>La ruta Canc\u00fan -Quito ser\u00e1 operada por aviones Airbus A320 y ofrecer\u00e1 3 vuelos semanales con un total de m\u00e1s de 4 mil asientos disponibles mensualmente. Con esta nueva ruta, la segunda inaugurada en junio, Avianca ratifica su compromiso con la conectividad de Ecuador acumulando 11 rutas internacionales.<\/p>\n<p>Actualmente Avianca cuenta con vuelos internacionales directos desde Quito a Bogot\u00e1, San Salvador, San Jos\u00e9, Buenos Aires, Medell\u00edn, Nueva York y Canc\u00fan.<\/p>\n<\/div>\n","protected":false},"excerpt":{"rendered":"<p>La embajada de M\u00e9xico en Ecuador recibe m\u00e1s pedidos de visas a Canc\u00fan de parte&#8230;<\/p>\n","protected":false},"author":1,"featured_media":14263,"comment_status":"open","ping_status":"closed","sticky":false,"template":"","format":"standard","meta":{"footnotes":""},"categories":[27],"tags":[],"class_list":["post-14261","post","type-post","status-publish","format-standard","has-post-thumbnail","hentry","category-local"],"_links":{"self":[{"href":"https:\/\/chaneltodaycancun.com\/index.php\/wp-json\/wp\/v2\/posts\/14261","targetHints":{"allow":["GET"]}}],"collection":[{"href":"https:\/\/chaneltodaycancun.com\/index.php\/wp-json\/wp\/v2\/posts"}],"about":[{"href":"https:\/\/chaneltodaycancun.com\/index.php\/wp-json\/wp\/v2\/types\/post"}],"author":[{"embeddable":true,"href":"https:\/\/chaneltodaycancun.com\/index.php\/wp-json\/wp\/v2\/users\/1"}],"replies":[{"embeddable":true,"href":"https:\/\/chaneltodaycancun.com\/index.php\/wp-json\/wp\/v2\/comments?post=14261"}],"version-history":[{"count":1,"href":"https:\/\/chaneltodaycancun.com\/index.php\/wp-json\/wp\/v2\/posts\/14261\/revisions"}],"predecessor-version":[{"id":14262,"href":"https:\/\/chaneltodaycancun.com\/index.php\/wp-json\/wp\/v2\/posts\/14261\/revisions\/14262"}],"wp:featuredmedia":[{"embeddable":true,"href":"https:\/\/chaneltodaycancun.com\/index.php\/wp-json\/wp\/v2\/media\/14263"}],"wp:attachment":[{"href":"https:\/\/chaneltodaycancun.com\/index.php\/wp-json\/wp\/v2\/media?parent=14261"}],"wp:term":[{"taxonomy":"category","embeddable":true,"href":"https:\/\/chaneltodaycancun.com\/index.php\/wp-json\/wp\/v2\/categories?post=14261"},{"taxonomy":"post_tag","embeddable":true,"href":"https:\/\/chaneltodaycancun.com\/index.php\/wp-json\/wp\/v2\/tags?post=14261"}],"curies":[{"name":"wp","href":"https:\/\/api.w.org\/{rel}","templated":true}]}}