{"id":14288,"date":"2023-06-21T15:51:19","date_gmt":"2023-06-21T20:51:19","guid":{"rendered":"https:\/\/chaneltodaycancun.com\/?p=14288"},"modified":"2023-06-21T20:51:21","modified_gmt":"2023-06-21T20:51:21","slug":"en-mexico-se-trabajan-mas-horas-al-ano-que-en-japon-y-dinamarca","status":"publish","type":"post","link":"https:\/\/chaneltodaycancun.com\/index.php\/2023\/06\/21\/en-mexico-se-trabajan-mas-horas-al-ano-que-en-japon-y-dinamarca\/","title":{"rendered":"En M\u00e9xico se trabajan m\u00e1s horas al a\u00f1o que en Jap\u00f3n y Dinamarca"},"content":{"rendered":"<h4 class=\"d23-article-subheadline left \" style=\"text-align: center;\">Los datos recabados entre los miembros de la OCDE incluyen tanto a trabajadores a tiempo completo como a tiempo parcial<\/h4>\n<div class=\"d23-byline\">\n<p class=\"paragraph\" data-mrf-recirculation=\"Links inline\">Los datos de la\u00a0<b>Organizaci\u00f3n para la Cooperaci\u00f3n y el Desarrollo Econ\u00f3micos\u00a0<\/b>(OCDE) se\u00f1alan que en M\u00e9xico el trabajador promedio registra m\u00e1s de<b>\u00a02 mil 000 horas por a\u00f1o<\/b>, lo cual refleja la situaci\u00f3n laboral del pa\u00eds, donde una persona usualmente tiene una semana laboral de seis d\u00edas.<\/p>\n<p class=\"paragraph\" data-mrf-recirculation=\"Links inline\">De acuerdo con un an\u00e1lisis efectuado por Visual Capitalist, en M\u00e9xico\u00a0<b>2 mil 128 horas equivalen a 266 jornadas laborales de ocho horas<\/b>. Es decir, cada trabajador mexicano cuenta con menos de 100 d\u00edas de descanso al a\u00f1o.<\/p>\n<div class=\"inline ad-wrapper\">\n<div class=\"dfpAd ad-inline\">\n<div id=\"infobae\/mexico\/nota\/inline\" class=\"infobae\/mexico\/nota\/inline arcad\" data-google-query-id=\"CNX8wJ6e1f8CFUPavQodd4UHNg\">\n<p class=\"paragraph\" data-mrf-recirculation=\"Links inline\">En contraste<b>, Alemania y Dinamarca<\/b>\u00a0son los dos pa\u00edses con menor n\u00famero de horas laborales para su poblaci\u00f3n, con 1349 y 1463, respectivamente, situaci\u00f3n que refleja las estrictas leyes laborales de estos pa\u00edses europeos, donde se hace \u00e9nfasis en el equilibrio entre la vida laboral y personal.<\/p>\n<p class=\"paragraph\" data-mrf-recirculation=\"Links inline\">Estos datos recabados entre los miembros de la OCDE incluyen tanto a trabajadores a tiempo completo como a tiempo parcial.<\/p>\n<p class=\"paragraph\" data-mrf-recirculation=\"Links inline\">De los 38 pa\u00edses que forman parte de este estudio, la naci\u00f3n mexicana se encuentra en la parte alta de la lista al superar anualmente las dos mil horas, seguido por\u00a0<b>Costa Rica<\/b>, aunque curiosamente este pa\u00eds centroamericano tambi\u00e9n suele tener altos \u00edndices de satisfacci\u00f3n con su calidad de vida.<\/p>\n<div class=\"d23-recommended-card__info\">\n<p class=\"paragraph\" data-mrf-recirculation=\"Links inline\">El tercer puesto es para<b>\u00a0Colombia<\/b>, que en promedio acumula 1964 horas,\u00a0<b>Chile<\/b>\u00a0en cuarto sitio con 1916 horas y<b>\u00a0Corea del Sur\u00a0<\/b>en quinto con 1910.<\/p>\n<p class=\"paragraph\" data-mrf-recirculation=\"Links inline\">Visualizar y comparar las horas trabajadas por las personas en cada pa\u00eds brinda informaci\u00f3n sobre las leyes laborales y la productividad econ\u00f3mica.<\/p>\n<p class=\"paragraph\" data-mrf-recirculation=\"Links inline\">Por ejemplo, Visual Capitalist destaca que la ley laboral de Alemania establece que las horas diarias de trabajo no pueden exceder las ocho horas y las jornadas \u00fanicamente pueden extenderse a 10 horas si el promedio es de ocho horas por d\u00eda laboral durante un per\u00edodo de seis meses.<\/p>\n<p class=\"paragraph\" data-mrf-recirculation=\"Links inline\">Pese a que en Alemania se trabajan menos horas, esto no significa una menor productividad, pues esta naci\u00f3n se caracteriza por sus industrias de alto valor, como la automotriz y la farmac\u00e9utica, donde la rob\u00f3tica y otras tecnolog\u00edas pueden mejorar enormemente los procesos.<\/p>\n<div class=\"d23-recommended-card__info\">\n<p class=\"paragraph\" data-mrf-recirculation=\"Links inline\">Adem\u00e1s, el Producto Interno Bruto (PIB) de pa\u00edses como Alemania, Dinamarca, Luxemburgo, Pa\u00edses Bajos, Noruega, Francia, B\u00e9lgica, Suiza y Austria, es una muestra de que jornadas laborales m\u00e1s cortas no tienen un impacto negativo si la productividad es buena.<\/p>\n<p class=\"paragraph\" data-mrf-recirculation=\"Links inline\">El caso de Jap\u00f3n llama la atenci\u00f3n en este estudio, debido a que esta naci\u00f3n es conocida por su extenuante cultura de trabajo, sin embargo, los trabajadores registraron un promedio de 1607 horas anuales.<\/p>\n<h2 class=\"header d23-headline-class-h2\">Diputados de M\u00e9xico frenaron iniciativa para reducir jornada laboral<\/h2>\n<p class=\"paragraph\" data-mrf-recirculation=\"Links inline\">El pasado 26 de abril, la C\u00e1mara de Diputados aplaz\u00f3 la votaci\u00f3n de la reforma constitucional que buscaba reducir la jornada laboral de seis a cinco d\u00edas por semana.<\/p>\n<p class=\"paragraph\" data-mrf-recirculation=\"Links inline\">Ignacio Mier, coordinador de Morena y presidente de la Junta de Coordinaci\u00f3n Pol\u00edtica (Jucopo), argument\u00f3 que ya no alcanzaba el tiempo para avalar la reforma durante este periodo de sesiones, por lo que el dictamen se mand\u00f3 a la congeladora.<\/p>\n<p class=\"paragraph\" data-mrf-recirculation=\"Links inline\">\u201cNo, ninguna reforma constitucional. \u00bfPor qu\u00e9? Porque ya no nos da tiempo\u201d, respondi\u00f3 el diputado Ignacio Mier ante los reporteros.<\/p>\n<p class=\"paragraph\" data-mrf-recirculation=\"Links inline\">As\u00ed, la reforma fue atrasada a pesar de que la Comisi\u00f3n de Puntos Constitucionales aval\u00f3 un d\u00eda antes el proyecto con una mayor\u00eda de 27 votos a favor.<\/p>\n<p class=\"paragraph\" data-mrf-recirculation=\"Links inline\">La propuesta busca reformar el art\u00edculo 123 constitucional, de modo que \u201cpor cada cinco d\u00edas de trabajo deber\u00e1 disfrutar el operario de dos d\u00edas de descanso, cuando menos\u201d, considerando que en M\u00e9xico son normales las semanas de trabajo de lunes a s\u00e1bado, con s\u00f3lo un d\u00eda de descanso.<\/p>\n<p class=\"paragraph\" data-mrf-recirculation=\"Links inline\">Entre los cr\u00edticos a esta modificaci\u00f3n a la ley laboral se encuentra la Confederaci\u00f3n Patronal de la Rep\u00fablica Mexicana (Coparmex), la cual advirti\u00f3 posibles afectaciones por unos 381 mil millones de pesos para las empresas.<\/p>\n<\/div>\n<\/div>\n<\/div>\n<\/div>\n<\/div>\n<\/div>\n","protected":false},"excerpt":{"rendered":"<p>Los datos recabados entre los miembros de la OCDE incluyen tanto a trabajadores a tiempo&#8230;<\/p>\n","protected":false},"author":1,"featured_media":14290,"comment_status":"open","ping_status":"closed","sticky":false,"template":"","format":"standard","meta":{"footnotes":""},"categories":[37],"tags":[],"class_list":["post-14288","post","type-post","status-publish","format-standard","has-post-thumbnail","hentry","category-nacional"],"_links":{"self":[{"href":"https:\/\/chaneltodaycancun.com\/index.php\/wp-json\/wp\/v2\/posts\/14288","targetHints":{"allow":["GET"]}}],"collection":[{"href":"https:\/\/chaneltodaycancun.com\/index.php\/wp-json\/wp\/v2\/posts"}],"about":[{"href":"https:\/\/chaneltodaycancun.com\/index.php\/wp-json\/wp\/v2\/types\/post"}],"author":[{"embeddable":true,"href":"https:\/\/chaneltodaycancun.com\/index.php\/wp-json\/wp\/v2\/users\/1"}],"replies":[{"embeddable":true,"href":"https:\/\/chaneltodaycancun.com\/index.php\/wp-json\/wp\/v2\/comments?post=14288"}],"version-history":[{"count":1,"href":"https:\/\/chaneltodaycancun.com\/index.php\/wp-json\/wp\/v2\/posts\/14288\/revisions"}],"predecessor-version":[{"id":14289,"href":"https:\/\/chaneltodaycancun.com\/index.php\/wp-json\/wp\/v2\/posts\/14288\/revisions\/14289"}],"wp:featuredmedia":[{"embeddable":true,"href":"https:\/\/chaneltodaycancun.com\/index.php\/wp-json\/wp\/v2\/media\/14290"}],"wp:attachment":[{"href":"https:\/\/chaneltodaycancun.com\/index.php\/wp-json\/wp\/v2\/media?parent=14288"}],"wp:term":[{"taxonomy":"category","embeddable":true,"href":"https:\/\/chaneltodaycancun.com\/index.php\/wp-json\/wp\/v2\/categories?post=14288"},{"taxonomy":"post_tag","embeddable":true,"href":"https:\/\/chaneltodaycancun.com\/index.php\/wp-json\/wp\/v2\/tags?post=14288"}],"curies":[{"name":"wp","href":"https:\/\/api.w.org\/{rel}","templated":true}]}}