{"id":14426,"date":"2023-06-24T11:46:34","date_gmt":"2023-06-24T16:46:34","guid":{"rendered":"https:\/\/chaneltodaycancun.com\/?p=14426"},"modified":"2023-06-24T16:46:36","modified_gmt":"2023-06-24T16:46:36","slug":"por-primera-vez-se-llevara-a-cabo-el-letape-cancun-by-tour-de-france","status":"publish","type":"post","link":"https:\/\/chaneltodaycancun.com\/index.php\/2023\/06\/24\/por-primera-vez-se-llevara-a-cabo-el-letape-cancun-by-tour-de-france\/","title":{"rendered":"Por primera vez se llevar\u00e1 a cabo el L\u00b4Etape Canc\u00fan, by Tour de France"},"content":{"rendered":"<div>\n<div class=\"row m-b-15\">\n<div class=\"col-xs-12 col-sm-12 col-md-12 col-lg-12\">\n<p class=\"introduction\">Participar\u00e1n m\u00e1s de mil doscientos ciclistas, en dos distancias: Ruta corta y Ruta larga.<\/p>\n<\/div>\n<\/div>\n<\/div>\n<div class=\"row m-b-25\">\n<div class=\"col-xs-12 col-sm-12 col-md-12 col-lg-12 info-extra-new\">\n<p>El domingo 25 de junio se realizar\u00e1\u00a0<strong>L\u00b4Etape Canc\u00fan by Tour de France<\/strong>, con salida y meta en el\u00a0<strong>Malec\u00f3n Tajamar<\/strong>, con el respaldo del Gobierno del Estado, y del Municipio de Benito Ju\u00e1rez, as\u00ed como del apoyo de\u00a0<strong>CIBanco<\/strong>.<\/p>\n<p>El Caribe mexicano, ser\u00e1 sin duda una sede inigualable para el evento de L&#8217; Etape by Tour de France presentado por CIBanco, competencia que permite a los aficionados al mundo del ciclismo vivir la experiencia y esencia de la m\u00e1xima gala francesa.<\/p>\n<p>En esta ocasi\u00f3n, participar\u00e1n m\u00e1s de mil doscientos ciclistas, en dos distancias: la\u00a0<strong>Ruta corta<\/strong>\u00a0con 60 kil\u00f3metros de distancia y la\u00a0<strong>Ruta larga<\/strong>\u00a0con 110 kil\u00f3metros de recorrido. Ambas rutas se muestran en los mapas que han sido publicados.<\/p>\n<div id=\"div-gpt-ad-inread-6496659312889100154ab7b1\" data-name=\"inread\" data-size=\"[[336,250], [300,250]]\" data-google-query-id=\"CNOdh5it3P8CFSaAgwgdhlsPoA\">\n<p>El comit\u00e9 organizador indic\u00f3 que tendr\u00e1n un reto de velocidad para el ciclista, en ambas ramas, que efect\u00fae el menor tiempo del kil\u00f3metro 22 al 28.5, para darle un toque especial a la competencia.<\/p>\n<p>El horario de arranque ser\u00e1 a las seis de la ma\u00f1ana para las rutas larga y sprint. La apertura de corrales para los ciclistas ser\u00e1 desde las cinco de la ma\u00f1ana.<\/p>\n<p>El registro de competidores y village se realizan desde este viernes de las 13:00 a las 21:00 horas, para ma\u00f1ana s\u00e1bado el horario de atenci\u00f3n ser\u00e1 de 11:00 a las 19:00 horas en\u00a0<strong>Luxury Avenue Mall Canc\u00fan<\/strong>\u00a0de la\u00a0<strong>Zona Hotelera.<\/strong><\/p>\n<p>Los competidores inscritos recibir\u00e1n un precioso jersey conmemorativo Santini. El uso de jersey oficial es obligatorio durante todo el evento.<\/p>\n<p>La ceremonia de premiaci\u00f3n se llevar\u00e1 a cabo el\u00a0<strong>domingo<\/strong>\u00a0al concluir el evento internacional, con horarios tentativos de diez de la ma\u00f1ana para los ganadores absolutos y se estima para\u00a0<strong>11 de la ma\u00f1ana<\/strong>, la premiaci\u00f3n para la divisi\u00f3n por categor\u00edas.<\/p>\n<div class=\"google-auto-placed ap_container\">\n<p>Se premiar\u00e1 en especie a los tres primeros ganadores absolutos, en cada distancia y rama, as\u00ed como a los tres ganadores absolutos del reto de velocidad.<\/p>\n<p>La Gu\u00eda del atleta con toda la informaci\u00f3n del evento se encuentra disponible en:\u00a0<a href=\"https:\/\/asdeporte.com\/evento\/l%C2%B4etape-cancun-by-tour-de-france-2023-nylo\">L\u00b4Etape Canc\u00fan by Tour de France<\/a><\/p>\n<\/div>\n<\/div>\n<\/div>\n<\/div>\n","protected":false},"excerpt":{"rendered":"<p>Participar\u00e1n m\u00e1s de mil doscientos ciclistas, en dos distancias: Ruta corta y Ruta larga. El&#8230;<\/p>\n","protected":false},"author":1,"featured_media":14428,"comment_status":"open","ping_status":"closed","sticky":false,"template":"","format":"standard","meta":{"footnotes":""},"categories":[27],"tags":[],"class_list":["post-14426","post","type-post","status-publish","format-standard","has-post-thumbnail","hentry","category-local"],"_links":{"self":[{"href":"https:\/\/chaneltodaycancun.com\/index.php\/wp-json\/wp\/v2\/posts\/14426","targetHints":{"allow":["GET"]}}],"collection":[{"href":"https:\/\/chaneltodaycancun.com\/index.php\/wp-json\/wp\/v2\/posts"}],"about":[{"href":"https:\/\/chaneltodaycancun.com\/index.php\/wp-json\/wp\/v2\/types\/post"}],"author":[{"embeddable":true,"href":"https:\/\/chaneltodaycancun.com\/index.php\/wp-json\/wp\/v2\/users\/1"}],"replies":[{"embeddable":true,"href":"https:\/\/chaneltodaycancun.com\/index.php\/wp-json\/wp\/v2\/comments?post=14426"}],"version-history":[{"count":1,"href":"https:\/\/chaneltodaycancun.com\/index.php\/wp-json\/wp\/v2\/posts\/14426\/revisions"}],"predecessor-version":[{"id":14427,"href":"https:\/\/chaneltodaycancun.com\/index.php\/wp-json\/wp\/v2\/posts\/14426\/revisions\/14427"}],"wp:featuredmedia":[{"embeddable":true,"href":"https:\/\/chaneltodaycancun.com\/index.php\/wp-json\/wp\/v2\/media\/14428"}],"wp:attachment":[{"href":"https:\/\/chaneltodaycancun.com\/index.php\/wp-json\/wp\/v2\/media?parent=14426"}],"wp:term":[{"taxonomy":"category","embeddable":true,"href":"https:\/\/chaneltodaycancun.com\/index.php\/wp-json\/wp\/v2\/categories?post=14426"},{"taxonomy":"post_tag","embeddable":true,"href":"https:\/\/chaneltodaycancun.com\/index.php\/wp-json\/wp\/v2\/tags?post=14426"}],"curies":[{"name":"wp","href":"https:\/\/api.w.org\/{rel}","templated":true}]}}