{"id":14515,"date":"2023-06-27T17:12:21","date_gmt":"2023-06-27T22:12:21","guid":{"rendered":"https:\/\/chaneltodaycancun.com\/?p=14515"},"modified":"2023-06-27T22:12:24","modified_gmt":"2023-06-27T22:12:24","slug":"categoria-1-generara-un-millon-de-pasajeros-aereos-mas-a-mexico-jorge-nuno","status":"publish","type":"post","link":"https:\/\/chaneltodaycancun.com\/index.php\/2023\/06\/27\/categoria-1-generara-un-millon-de-pasajeros-aereos-mas-a-mexico-jorge-nuno\/","title":{"rendered":"Categor\u00eda 1 generar\u00e1 un mill\u00f3n de pasajeros a\u00e9reos m\u00e1s a M\u00e9xico: Jorge Nu\u00f1o"},"content":{"rendered":"<div class=\"flex items-center border border-gray-200 border-l-0 border-r-0 py-3 mb-4\">\n<div class=\"flex-1\">\n<h4 class=\"text-base leading-5 pl-2 font-lato\" style=\"text-align: center;\">El Gobierno de AMLO ampli\u00f3 40 d\u00edas m\u00e1s el plazo de mudanza de las aerol\u00edneas de carga al AIFA, que venc\u00eda el pr\u00f3ximo 7 de julio<\/h4>\n<p class=\"default__StyledText-sc-108h6at-0 eZJtyi body-paragraph\">M\u00e9xico se encuentra a la espera de obtener los resultados de la evaluaci\u00f3n que hicieron las autoridades aeron\u00e1uticas estadounidenses, con la que el Gobierno busca recuperar la categor\u00eda 1, dijo el secretario de Infraestructura, Comunicaciones y Transportes de M\u00e9xico, Jorge Nu\u00f1o Lara, ante representantes de la industria a\u00e9rea internacional.<\/p>\n<p class=\"default__StyledText-sc-108h6at-0 eZJtyi body-paragraph\">El directivo record\u00f3 que la evaluaci\u00f3n que concluy\u00f3 el 2 de junio fue \u201cm\u00e1s que satisfactoria\u201d.<\/p>\n<p class=\"default__StyledText-sc-108h6at-0 eZJtyi body-paragraph\">\u201cEsta es la primera auditor\u00eda en que el pa\u00eds evaluado responde satisfactoriamente el 100% de los cuestionamientos del equipo evaluador\u201d, dijo Nu\u00f1o durante la IATA Wings of Change Americas en Ciudad de M\u00e9xico.<\/p>\n<p class=\"default__StyledText-sc-108h6at-0 eZJtyi body-paragraph\">En 2022, alrededor de 35 millones de pasajeros fueron trasladados v\u00eda a\u00e9rea entre M\u00e9xico y Estados Unidos, de acuerdo con estad\u00edsticas de la Agencia Federal de Aviaci\u00f3n Civil (AFAC).<\/p>\n<p class=\"default__StyledText-sc-108h6at-0 eZJtyi body-paragraph\">M\u00e9xico es uno de los seis que se encuentran en Categor\u00eda 2, que significa cumplimiento en materia de seguridad aeron\u00e1utica de Estados Unidos por parte de la Administraci\u00f3n Federal de Aviaci\u00f3n (FAA), dentro de un listado de 80 entidades.<\/p>\n<p class=\"default__StyledText-sc-108h6at-0 eZJtyi body-paragraph\">Esta situaci\u00f3n ha impedido que aerol\u00edneas mexicanas abran nuevas rutas y servicios hacia Estados Unidos. Por su parte, las aerol\u00edneas estadounidenses no pueden promocionar o vender boletos en c\u00f3digo compartido con aerol\u00edneas mexicanas.<\/p>\n<div class=\"hide-container\">\n<div id=\"arcad-feature-f0fVc23uLxaH5Tz-1c4b9b374f8e4d\" class=\"styled__StyledAdUnit-sc-1gy46gr-0 cEAJTV arcad-feature-custom undefined arcad-margin-bottom\">\n<h2 class=\"heading__StyledHeading-sc-1m7zxnp-0 dzjSfh\">Confirma m\u00e1s tiempo para mudar vuelos de carga del AICM<\/h2>\n<p class=\"default__StyledText-sc-108h6at-0 eZJtyi body-paragraph\">M\u00e9xico otorgar\u00e1 40 d\u00edas m\u00e1s para la mudanza de las operaciones. Lo que implica que el plazo que vence el 7 de julio se ampl\u00eda a los primeros d\u00edas de septiembre, dijo Nu\u00f1o.<\/p>\n<p class=\"default__StyledText-sc-108h6at-0 eZJtyi body-paragraph\">\u201cTendr\u00e1n m\u00e1s tiempo para trasladar sus operaciones exclusivas de carga del Aeropuerto Internacional de la Ciudad de M\u00e9xico\u201d, dijo Nu\u00f1o.<\/p>\n<p class=\"default__StyledText-sc-108h6at-0 eZJtyi body-paragraph\">El cambio se da a unos d\u00edas de que el presidente de M\u00e9xico Andr\u00e9s Manuel L\u00f3pez Obrador, ofreci\u00f3 al secretario de Transporte de Estados Unidos flexibilidad para ampliar el plazo.<\/p>\n<p class=\"default__StyledText-sc-108h6at-0 eZJtyi body-paragraph\">Con esta decisi\u00f3n el\u00a0<b>Gobierno busca disminuir las operaciones de carga del Aeropuerto Internacional de la Ciudad de M\u00e9xico (AICM) y trasladarlas al Aeropuerto Internacional Felipe \u00c1ngeles (AIFA),\u00a0<\/b>uno de los proyectos insignia de la administraci\u00f3n de L\u00f3pez Obrador.<\/p>\n<div>\n<div>\n<div id=\"piano-newsletter-container\" class=\"piano-newsletter-container\"><\/div>\n<\/div>\n<\/div>\n<p class=\"default__StyledText-sc-108h6at-0 eZJtyi body-paragraph\">En febrero, AMLO public\u00f3 un decreto que proh\u00edbe las operaciones exclusivas de carga a\u00e9rea AICM, que el Gobierno ha declarado como saturado. Ah\u00ed se estableci\u00f3 el plazo de 108 d\u00edas h\u00e1biles para la mudanza. Con el cambio, ahora el plazo es de 148 d\u00edas.<\/p>\n<p class=\"default__StyledText-sc-108h6at-0 eZJtyi body-paragraph\">El secretario de Transporte estadounidense, Pete Buttigieg, expuso a AMLO una expectativa de ampliar un a\u00f1o m\u00e1s la fecha para la mudanza.<\/p>\n<p class=\"default__StyledText-sc-108h6at-0 eZJtyi body-paragraph\">Las aerol\u00edneas que presten servicios combinados de pasajeros y de carga, siempre que la carga sea transportada en las mismas aeronaves que los pasajeros, est\u00e1n exentas de trasladar sus operaciones.<\/p>\n<\/div>\n<\/div>\n<\/div>\n<\/div>\n<figure class=\"lead-art-wrapper\">\n<div><picture class=\"Image__StyledPicture-sc-1g24b0j-0 cHvurg\"><source srcset=\"https:\/\/www.bloomberglinea.com\/resizer\/aKmKBt3brI-Ad7HcuJ0AJA2P7xk=\/1440x0\/filters:format(jpg):quality(70)\/cloudfront-us-east-1.images.arcpublishing.com\/bloomberglinea\/7R6NAOLZTBEI5OFUDYG6CUS6FY.jpg\" media=\"screen and (min-width: 1024px)\" \/><source srcset=\"https:\/\/www.bloomberglinea.com\/resizer\/pDI76l6LmVIX5vPkNHYC2z6OIfo=\/1024x0\/filters:format(jpg):quality(70)\/cloudfront-us-east-1.images.arcpublishing.com\/bloomberglinea\/7R6NAOLZTBEI5OFUDYG6CUS6FY.jpg\" media=\"screen and (min-width: 768px)\" \/><source srcset=\"https:\/\/www.bloomberglinea.com\/resizer\/WBi9DQSfjPX9H4t1snpSolZ1KVM=\/768x0\/filters:format(jpg):quality(70)\/cloudfront-us-east-1.images.arcpublishing.com\/bloomberglinea\/7R6NAOLZTBEI5OFUDYG6CUS6FY.jpg\" media=\"screen and (min-width: 0px)\" \/><\/picture><\/div>\n<\/figure>\n","protected":false},"excerpt":{"rendered":"<p>El Gobierno de AMLO ampli\u00f3 40 d\u00edas m\u00e1s el plazo de mudanza de las aerol\u00edneas&#8230;<\/p>\n","protected":false},"author":1,"featured_media":14517,"comment_status":"open","ping_status":"closed","sticky":false,"template":"","format":"standard","meta":{"footnotes":""},"categories":[37],"tags":[],"class_list":["post-14515","post","type-post","status-publish","format-standard","has-post-thumbnail","hentry","category-nacional"],"_links":{"self":[{"href":"https:\/\/chaneltodaycancun.com\/index.php\/wp-json\/wp\/v2\/posts\/14515","targetHints":{"allow":["GET"]}}],"collection":[{"href":"https:\/\/chaneltodaycancun.com\/index.php\/wp-json\/wp\/v2\/posts"}],"about":[{"href":"https:\/\/chaneltodaycancun.com\/index.php\/wp-json\/wp\/v2\/types\/post"}],"author":[{"embeddable":true,"href":"https:\/\/chaneltodaycancun.com\/index.php\/wp-json\/wp\/v2\/users\/1"}],"replies":[{"embeddable":true,"href":"https:\/\/chaneltodaycancun.com\/index.php\/wp-json\/wp\/v2\/comments?post=14515"}],"version-history":[{"count":1,"href":"https:\/\/chaneltodaycancun.com\/index.php\/wp-json\/wp\/v2\/posts\/14515\/revisions"}],"predecessor-version":[{"id":14516,"href":"https:\/\/chaneltodaycancun.com\/index.php\/wp-json\/wp\/v2\/posts\/14515\/revisions\/14516"}],"wp:featuredmedia":[{"embeddable":true,"href":"https:\/\/chaneltodaycancun.com\/index.php\/wp-json\/wp\/v2\/media\/14517"}],"wp:attachment":[{"href":"https:\/\/chaneltodaycancun.com\/index.php\/wp-json\/wp\/v2\/media?parent=14515"}],"wp:term":[{"taxonomy":"category","embeddable":true,"href":"https:\/\/chaneltodaycancun.com\/index.php\/wp-json\/wp\/v2\/categories?post=14515"},{"taxonomy":"post_tag","embeddable":true,"href":"https:\/\/chaneltodaycancun.com\/index.php\/wp-json\/wp\/v2\/tags?post=14515"}],"curies":[{"name":"wp","href":"https:\/\/api.w.org\/{rel}","templated":true}]}}