{"id":14841,"date":"2023-07-05T17:19:53","date_gmt":"2023-07-05T22:19:53","guid":{"rendered":"https:\/\/chaneltodaycancun.com\/?p=14841"},"modified":"2023-07-05T22:19:55","modified_gmt":"2023-07-05T22:19:55","slug":"anuncian-obras-en-parques-de-cancun-con-una-inversion-de-59-millones","status":"publish","type":"post","link":"https:\/\/chaneltodaycancun.com\/index.php\/2023\/07\/05\/anuncian-obras-en-parques-de-cancun-con-una-inversion-de-59-millones\/","title":{"rendered":"Anuncian obras en parques de Canc\u00fan con una inversi\u00f3n de $59 millones"},"content":{"rendered":"<div>\n<div class=\"row m-b-15\">\n<div class=\"col-xs-12 col-sm-12 col-md-12 col-lg-12\">\n<h4 class=\"introduction\" style=\"text-align: center;\">El primer proyecto tendr\u00e1 una inversi\u00f3n de 33 millones de pesos, mientras que el segundo uno de 26 millones.<\/h4>\n<\/div>\n<\/div>\n<\/div>\n<div class=\"row m-b-25\">\n<div class=\"col-xs-12 col-sm-12 col-md-12 col-lg-12 info-extra-new\">\n<p>El gobierno municipal de Benito Ju\u00e1rez anunci\u00f3 dos nuevas obras con una inversi\u00f3n de alrededor de\u00a0<strong>59 millones de pesos<\/strong>\u00a0con recursos provenientes del saneamiento ambiental.<\/p>\n<p>Ana Patricia Peralta de la Pe\u00f1a, presidenta municipal de Benito Ju\u00e1rez, inform\u00f3 que los trabajos se realizar\u00e1n en el parque de\u00a0<strong>&#8220;Las Ni\u00f1as y los ni\u00f1os&#8221;<\/strong>\u00a0y en el de\u00a0<strong>&#8220;Las Palapas\u201d.<\/strong><\/p>\n<blockquote><p>&#8220;Vienen dos obras preciosas para los cancunenses que es un parque de ni\u00f1as y ni\u00f1os y la renovaci\u00f3n y ampliaci\u00f3n del parque de Las Palapas&#8221;.<\/p><\/blockquote>\n<div id=\"div-gpt-ad-inread-64a4ec45d5def40014a1fa7e\" data-name=\"inread\" data-size=\"[[336,250], [300,250]]\" data-google-query-id=\"CPvvs63M-P8CFayGgwgdUcABMw\">\n<p>El primer proyecto tendr\u00e1 una inversi\u00f3n de alrededor de\u00a0<strong>33 millones de pesos,<\/strong>\u00a0mientras que al segundo se le destinar\u00e1 un monto de casi\u00a0<strong>26 millones de pesos<\/strong>, provenientes de este cobro que se realiza a los turistas por noche en Canc\u00fan, detall\u00f3 la alcaldesa.<\/p>\n<div class=\"google-auto-placed ap_container\">\n<p>Se\u00f1al\u00f3 que ambos proyectos, que ya fueron aprobados por los miembros del Comit\u00e9 de Derecho de Saneamiento, empezar\u00e1n en agosto.<\/p>\n<div class=\"media-caption\">\n<p>La entrevistada coment\u00f3 que la aprobaci\u00f3n de ambas obras en los parques se suma al proyecto de las m\u00e1s de mil c\u00e1maras de videovigilancia que reforzar\u00e1n a las que ya cuenta el\u00a0<strong>C5,<\/strong>\u00a0que tambi\u00e9n fue aprobado por los miembros de este grupo, integrado por organizaciones sociales y el gobierno municipal.<\/p>\n<p>Asimismo, Peralta de la Pe\u00f1a inform\u00f3 que, de manera paulatina, ya se est\u00e1n formalizando los\u00a0<strong>Comit\u00e9s de Contralor\u00eda de Obras<\/strong>\u00a0en las diferentes obras que se realizar\u00e1n en el municipio.<\/p>\n<blockquote><p>&#8220;Ya estamos en el proceso de licitaci\u00f3n. Esperamos arrancar a finales de julio, principios de agosto las primeras obras de nuestra ciudad, en Sac Be, la Noria. Ya se conform\u00f3 la del Polit\u00e9cnico, que es una avenida sumamente importante, que es muy transitada, va a cambiar completamente para todos los usuarios, pero tambi\u00e9n para los vecinos y los comercios&#8221;.<\/p><\/blockquote>\n<p>Detall\u00f3 que ya se han formalizados los Comit\u00e9s de Contralor\u00eda de Obras en Sac Be, la Noria, el del Centro de Retenci\u00f3n -tambi\u00e9n conocido como \u201cEl Torito\u201d-, el de las avenidas Polit\u00e9cnico, P\u00e1galo, Orqu\u00eddeas y el de la supermanzana 21.<\/p>\n<p>Los\u00a0<strong>Comit\u00e9s de Contralor\u00eda de Obras<\/strong>\u00a0est\u00e1n conformados por vecinos que ser\u00e1n beneficiados por la realizaci\u00f3n de distintas obras p\u00fablicas, que se dedicar\u00e1n a garantizar la transparencia en el desarrollo de estos trabajos.<\/p>\n<\/div>\n<\/div>\n<\/div>\n<\/div>\n<\/div>\n","protected":false},"excerpt":{"rendered":"<p>El primer proyecto tendr\u00e1 una inversi\u00f3n de 33 millones de pesos, mientras que el segundo&#8230;<\/p>\n","protected":false},"author":1,"featured_media":14843,"comment_status":"open","ping_status":"closed","sticky":false,"template":"","format":"standard","meta":{"footnotes":""},"categories":[27],"tags":[],"class_list":["post-14841","post","type-post","status-publish","format-standard","has-post-thumbnail","hentry","category-local"],"_links":{"self":[{"href":"https:\/\/chaneltodaycancun.com\/index.php\/wp-json\/wp\/v2\/posts\/14841","targetHints":{"allow":["GET"]}}],"collection":[{"href":"https:\/\/chaneltodaycancun.com\/index.php\/wp-json\/wp\/v2\/posts"}],"about":[{"href":"https:\/\/chaneltodaycancun.com\/index.php\/wp-json\/wp\/v2\/types\/post"}],"author":[{"embeddable":true,"href":"https:\/\/chaneltodaycancun.com\/index.php\/wp-json\/wp\/v2\/users\/1"}],"replies":[{"embeddable":true,"href":"https:\/\/chaneltodaycancun.com\/index.php\/wp-json\/wp\/v2\/comments?post=14841"}],"version-history":[{"count":1,"href":"https:\/\/chaneltodaycancun.com\/index.php\/wp-json\/wp\/v2\/posts\/14841\/revisions"}],"predecessor-version":[{"id":14842,"href":"https:\/\/chaneltodaycancun.com\/index.php\/wp-json\/wp\/v2\/posts\/14841\/revisions\/14842"}],"wp:featuredmedia":[{"embeddable":true,"href":"https:\/\/chaneltodaycancun.com\/index.php\/wp-json\/wp\/v2\/media\/14843"}],"wp:attachment":[{"href":"https:\/\/chaneltodaycancun.com\/index.php\/wp-json\/wp\/v2\/media?parent=14841"}],"wp:term":[{"taxonomy":"category","embeddable":true,"href":"https:\/\/chaneltodaycancun.com\/index.php\/wp-json\/wp\/v2\/categories?post=14841"},{"taxonomy":"post_tag","embeddable":true,"href":"https:\/\/chaneltodaycancun.com\/index.php\/wp-json\/wp\/v2\/tags?post=14841"}],"curies":[{"name":"wp","href":"https:\/\/api.w.org\/{rel}","templated":true}]}}