{"id":15639,"date":"2023-08-02T09:33:00","date_gmt":"2023-08-02T14:33:00","guid":{"rendered":"https:\/\/chaneltodaycancun.com\/?p=15639"},"modified":"2023-08-02T14:33:02","modified_gmt":"2023-08-02T14:33:02","slug":"presentan-calendario-guelaguetza-cancun","status":"publish","type":"post","link":"https:\/\/chaneltodaycancun.com\/index.php\/2023\/08\/02\/presentan-calendario-guelaguetza-cancun\/","title":{"rendered":"PRESENTAN CALENDARIO \u201cGUELAGUETZA CANC\u00daN\u201d"},"content":{"rendered":"<ul style=\"font-weight: 400;\">\n<li>Una de las fiestas tradicionales de Oaxaca llegar\u00e1 a este polo tur\u00edstico con muestra gastron\u00f3mica y cultural<\/li>\n<\/ul>\n<p style=\"font-weight: 400;\">\u00a0<b><strong>Canc\u00fan, Q. R., a 02 de agosto de 2023.-<\/strong><\/b>\u00a0En conferencia de prensa, autoridades del gobierno de Benito Ju\u00e1rez, hicieron una extensa invitaci\u00f3n a las y los cancunenses para disfrutar de la gran fiesta de la \u201cGuelaguetza Canc\u00fan\u201d, que se llevar\u00e1 a cabo del 4 al 6 de agosto en la tradicional avenida Yaxchil\u00e1n y el emblem\u00e1tico Parque de Las Palapas, en el coraz\u00f3n de la ciudad.<\/p>\n<p style=\"font-weight: 400;\">\n<p style=\"font-weight: 400;\">El director de Distrito Canc\u00fan, Carlos del Castillo \u00c1lvarez, en representaci\u00f3n de la Presidenta, Ana Paty Peralta, inform\u00f3 que en esta edici\u00f3n participar\u00e1n m\u00e1s de 80 artistas oaxaque\u00f1os, quienes estar\u00e1n presentes en pabellones gastron\u00f3micos y culturales, as\u00ed como artesanos que expondr\u00e1n su talento a trav\u00e9s de sus productos.<\/p>\n<p style=\"font-weight: 400;\">\n<p style=\"font-weight: 400;\">Adem\u00e1s, reconoci\u00f3 que para el gobierno que encabeza la Primera Edil, es una prioridad promover eventos culturales que unen a las personas de distintas formas, pero sobre todo, para que Canc\u00fan sea una ciudad de paz.<\/p>\n<p style=\"font-weight: 400;\">\n<p style=\"font-weight: 400;\">Esta importante fiesta celebrada en Oaxaca, traer\u00e1 una gran muestra de comida t\u00edpica como son tlayudas, garnachas, tamales de frijol, enmoladas y chapulines, sin faltar el mezcal, que s\u00f3lo podr\u00e1n adquirir para llevar a su casa, ya que no habr\u00e1 consumo de bebidas embriagantes por ser un evento familiar.<\/p>\n<p style=\"font-weight: 400;\">\n<p style=\"font-weight: 400;\">El Parque de Las Palapas y la avenida Yaxchil\u00e1n se vestir\u00e1n de gala con diversas presentaciones de danzas oaxaque\u00f1as, calenda oaxaque\u00f1a, show de talento, concierto de la Banda Filarm\u00f3nica Infantil y Juvenil de Santa Cruz Xoxocotl\u00e1n Oaxaca, lucha libre y juegos mec\u00e1nicos, entre otras actividades que se presentar\u00e1n de 16:00 a 23:00 horas.<\/p>\n<p style=\"font-weight: 400;\">\n<p style=\"font-weight: 400;\">Haciendo remembranza al lema de la Primera Autoridad Municipal: \u201cCanc\u00fan Nos Une\u201d, se sum\u00f3 la Asociaci\u00f3n de Oaxaque\u00f1os \u201cUnidos Benito Ju\u00e1rez A.C.\u201d y empresas como La Parrilla, Pescaditos, Woox pinturas, La Candelaria y Ciudad Maderas.<\/p>\n<p style=\"font-weight: 400;\">\n<p style=\"font-weight: 400;\">En la conferencia tambi\u00e9n participaron la secretaria municipal de Desarrollo Social y Econ\u00f3mico, Berenice Sosa Osorio; el director del Instituto de la Cultura y las Artes, Carlos L\u00f3pez Jim\u00e9nez; la presidenta de la Asociaci\u00f3n de Oaxaque\u00f1os Unidos \u201cBenito Ju\u00e1rez\u201d, Maricruz Hern\u00e1ndez; y el representante del grupo La Parrilla, Luis Garc\u00eda.<\/p>\n","protected":false},"excerpt":{"rendered":"<p>Una de las fiestas tradicionales de Oaxaca llegar\u00e1 a este polo tur\u00edstico con muestra gastron\u00f3mica&#8230;<\/p>\n","protected":false},"author":1,"featured_media":15641,"comment_status":"open","ping_status":"closed","sticky":false,"template":"","format":"standard","meta":{"footnotes":""},"categories":[27],"tags":[],"class_list":["post-15639","post","type-post","status-publish","format-standard","has-post-thumbnail","hentry","category-local"],"_links":{"self":[{"href":"https:\/\/chaneltodaycancun.com\/index.php\/wp-json\/wp\/v2\/posts\/15639","targetHints":{"allow":["GET"]}}],"collection":[{"href":"https:\/\/chaneltodaycancun.com\/index.php\/wp-json\/wp\/v2\/posts"}],"about":[{"href":"https:\/\/chaneltodaycancun.com\/index.php\/wp-json\/wp\/v2\/types\/post"}],"author":[{"embeddable":true,"href":"https:\/\/chaneltodaycancun.com\/index.php\/wp-json\/wp\/v2\/users\/1"}],"replies":[{"embeddable":true,"href":"https:\/\/chaneltodaycancun.com\/index.php\/wp-json\/wp\/v2\/comments?post=15639"}],"version-history":[{"count":1,"href":"https:\/\/chaneltodaycancun.com\/index.php\/wp-json\/wp\/v2\/posts\/15639\/revisions"}],"predecessor-version":[{"id":15640,"href":"https:\/\/chaneltodaycancun.com\/index.php\/wp-json\/wp\/v2\/posts\/15639\/revisions\/15640"}],"wp:featuredmedia":[{"embeddable":true,"href":"https:\/\/chaneltodaycancun.com\/index.php\/wp-json\/wp\/v2\/media\/15641"}],"wp:attachment":[{"href":"https:\/\/chaneltodaycancun.com\/index.php\/wp-json\/wp\/v2\/media?parent=15639"}],"wp:term":[{"taxonomy":"category","embeddable":true,"href":"https:\/\/chaneltodaycancun.com\/index.php\/wp-json\/wp\/v2\/categories?post=15639"},{"taxonomy":"post_tag","embeddable":true,"href":"https:\/\/chaneltodaycancun.com\/index.php\/wp-json\/wp\/v2\/tags?post=15639"}],"curies":[{"name":"wp","href":"https:\/\/api.w.org\/{rel}","templated":true}]}}