{"id":15663,"date":"2023-08-03T15:38:03","date_gmt":"2023-08-03T20:38:03","guid":{"rendered":"https:\/\/chaneltodaycancun.com\/?p=15663"},"modified":"2023-08-03T20:38:05","modified_gmt":"2023-08-03T20:38:05","slug":"arranca-en-cancun-estrategia-estatal-para-la-construccion-de-la-paz","status":"publish","type":"post","link":"https:\/\/chaneltodaycancun.com\/index.php\/2023\/08\/03\/arranca-en-cancun-estrategia-estatal-para-la-construccion-de-la-paz\/","title":{"rendered":"ARRANCA EN CANC\u00daN ESTRATEGIA ESTATAL PARA LA CONSTRUCCI\u00d3N DE LA PAZ"},"content":{"rendered":"<p style=\"font-weight: 400;\">Ante cientos de ciudadanos cancunenses, el Ayuntamiento de Benito Ju\u00e1rez y su Presidenta Municipal, Ana Paty Peralta, fungieron ayer como anfitriones en Canc\u00fan, en el \u201cLanzamiento Estatal De La Estrategia Integral Para La Construcci\u00f3n De La Paz\u201d, que encabez\u00f3 la gobernadora Mara Lezama, en la Unidad Deportiva Los Gemelos de la Supermanzana 227, donde se destac\u00f3 el trabajo coordinado de los tres \u00f3rdenes de gobierno con las asociaciones y la ciudadan\u00eda.<\/p>\n<p style=\"font-weight: 400;\">\n<p style=\"font-weight: 400;\">La t\u00e1ctica en cuesti\u00f3n, se origin\u00f3 derivado al tema de inseguridad en el estado, seleccionando al municipio de Benito Ju\u00e1rez para arrancar con la Estrategia Integral para la Construcci\u00f3n de la Paz, la cual, est\u00e1 destinada a atender y dar soluci\u00f3n a los generadores de violencia desde la ra\u00edz, involucrando todos los factores como, el modelo econ\u00f3mico, corrupci\u00f3n, fractura del tejido social, crimen organizado, pobreza y desigualdad, etc\u00e9tera.<\/p>\n<p style=\"font-weight: 400;\">\n<p style=\"font-weight: 400;\">En ese sentido, la Primera Autoridad Municipal, expres\u00f3 que este d\u00eda es hist\u00f3rico para Benito Ju\u00e1rez y Quintana Roo, ya que se materializan de forma m\u00e1s profunda las acciones para erradicar la inseguridad y las violencias, \u201cen este esfuerzo coordinado entre los tres \u00f3rdenes de gobierno, hoy nos sumamos con el mayor de nuestros compromisos para trabajar, sin descanso, en cada una de nuestras Supermanzanas, estamos comprometidos y convencidos que con el nuevo modelo de seguridad ciudadana y el respaldo de nuestra Gobernadora, s\u00ed podemos recuperar la paz y la tranquilidad de nuestro municipio\u201d, se\u00f1al\u00f3.<\/p>\n<p style=\"font-weight: 400;\">\n<p style=\"font-weight: 400;\">Asimismo, Ana Paty Peralta firm\u00f3 por parte del Ayuntamiento de Benito Ju\u00e1rez, un convenio solidario con el Gobierno Estatal y la Fundaci\u00f3n \u201cAbriendo Puertas\u201d. Adem\u00e1s, con el objetivo de dar mayor formalidad al arranque de la estrategia en los pol\u00edgonos de Benito Ju\u00e1rez, se instal\u00f3 el Comit\u00e9 Municipal para la Estrategia Integral para la Construcci\u00f3n de la Paz, donde el gobierno local es protagonista.<\/p>\n<p style=\"font-weight: 400;\">\n<p style=\"font-weight: 400;\">Por su parte, la gobernadora Mara Lezama agradeci\u00f3 tanto a las y los ciudadanos como a las autoridades por hacer presencia en un evento sumamente relevante para todo Quintana Roo, afirmando que, \u201cesta Estrategia Integral para la Construcci\u00f3n de la Paz, va ramificar y tener su base social en Comit\u00e9s Municipales, en seres humanos, ser\u00e1n hombres y mujeres ayudando a construir la paz. La \u00fanica manera de que las consecuencias dejen de suceder, es que solucionemos sus causas y sus or\u00edgenes\u201d.<\/p>\n<p style=\"font-weight: 400;\">\n<p style=\"font-weight: 400;\">Los ciudadanos, abanderados principalmente por ni\u00f1as y ni\u00f1os, entregaron una \u201cc\u00e1psula de paz\u201d, en la cual, los participantes, introdujeron cartas en las que plasmaron sus compromisos por y para la paz, actividad a la que sum\u00f3 la Gobernadora. Dicha c\u00e1psula, fue enterrada en el mismo parque, y, a un costado, se sembr\u00f3 un \u201c\u00e1rbol de la paz\u201d, como s\u00edmbolo de uni\u00f3n de las y los quintanarroenses con los gobiernos municipales, el gobierno estatal y federal.<\/p>\n<p style=\"font-weight: 400;\">\n<p style=\"font-weight: 400;\">Al concluir el acto protocolario, las autoridades, convivieron alrededor de la Unidad Deportiva con las y los cancunenses que se dieron cita en el evento y aprovecharon para platicar y pasar momentos de calidad todas y todos juntos.<\/p>\n","protected":false},"excerpt":{"rendered":"<p>Ante cientos de ciudadanos cancunenses, el Ayuntamiento de Benito Ju\u00e1rez y su Presidenta Municipal, Ana&#8230;<\/p>\n","protected":false},"author":1,"featured_media":15665,"comment_status":"open","ping_status":"closed","sticky":false,"template":"","format":"standard","meta":{"footnotes":""},"categories":[27],"tags":[],"class_list":["post-15663","post","type-post","status-publish","format-standard","has-post-thumbnail","hentry","category-local"],"_links":{"self":[{"href":"https:\/\/chaneltodaycancun.com\/index.php\/wp-json\/wp\/v2\/posts\/15663","targetHints":{"allow":["GET"]}}],"collection":[{"href":"https:\/\/chaneltodaycancun.com\/index.php\/wp-json\/wp\/v2\/posts"}],"about":[{"href":"https:\/\/chaneltodaycancun.com\/index.php\/wp-json\/wp\/v2\/types\/post"}],"author":[{"embeddable":true,"href":"https:\/\/chaneltodaycancun.com\/index.php\/wp-json\/wp\/v2\/users\/1"}],"replies":[{"embeddable":true,"href":"https:\/\/chaneltodaycancun.com\/index.php\/wp-json\/wp\/v2\/comments?post=15663"}],"version-history":[{"count":1,"href":"https:\/\/chaneltodaycancun.com\/index.php\/wp-json\/wp\/v2\/posts\/15663\/revisions"}],"predecessor-version":[{"id":15664,"href":"https:\/\/chaneltodaycancun.com\/index.php\/wp-json\/wp\/v2\/posts\/15663\/revisions\/15664"}],"wp:featuredmedia":[{"embeddable":true,"href":"https:\/\/chaneltodaycancun.com\/index.php\/wp-json\/wp\/v2\/media\/15665"}],"wp:attachment":[{"href":"https:\/\/chaneltodaycancun.com\/index.php\/wp-json\/wp\/v2\/media?parent=15663"}],"wp:term":[{"taxonomy":"category","embeddable":true,"href":"https:\/\/chaneltodaycancun.com\/index.php\/wp-json\/wp\/v2\/categories?post=15663"},{"taxonomy":"post_tag","embeddable":true,"href":"https:\/\/chaneltodaycancun.com\/index.php\/wp-json\/wp\/v2\/tags?post=15663"}],"curies":[{"name":"wp","href":"https:\/\/api.w.org\/{rel}","templated":true}]}}