{"id":15717,"date":"2023-08-05T11:28:04","date_gmt":"2023-08-05T16:28:04","guid":{"rendered":"https:\/\/chaneltodaycancun.com\/?p=15717"},"modified":"2023-08-05T16:28:06","modified_gmt":"2023-08-05T16:28:06","slug":"a-dejar-hasta-el-tuetano-y-el-alma-en-la-defensa-de-la-cuarta-transformacion-llama-adan-augusto-lopez-hernandez","status":"publish","type":"post","link":"https:\/\/chaneltodaycancun.com\/index.php\/2023\/08\/05\/a-dejar-hasta-el-tuetano-y-el-alma-en-la-defensa-de-la-cuarta-transformacion-llama-adan-augusto-lopez-hernandez\/","title":{"rendered":"A dejar \u201chasta el tu\u00e9tano y el alma\u201d en la defensa de la Cuarta Transformaci\u00f3n, llama Ad\u00e1n Augusto L\u00f3pez Hern\u00e1ndez"},"content":{"rendered":"<p>\u201cVamos a dejar hasta el tu\u00e9tano, hasta el alma para defender a la Cuarta Transformaci\u00f3n y vamos a salir adelante\u201d, advirti\u00f3, aqu\u00ed, Ad\u00e1n Augusto L\u00f3pez Hern\u00e1ndez ante unos 4 mil asistentes entre mujeres, hombres, j\u00f3venes, trabajadores en su mayor\u00eda del sector tur\u00edstico, y principalmente adultos mayores, en la Plaza Central del ayuntamiento Benito Ju\u00e1rez, internacionalmente conocido como Canc\u00fan.<\/p>\n<p>Convencido, el pol\u00edtico tabasque\u00f1o subray\u00f3 que \u201ceste movimiento ya les gan\u00f3 a los oligarcas, a los due\u00f1os del dinero, a Televisa, y les vamos a volver a ganar; nunca nos van a doblar\u201d, asegur\u00f3 visiblemente contento de estar en este paradisiaco lugar donde se refugian millones de turistas mexicanos y extranjeros cada a\u00f1o.<\/p>\n<p>Con el \u00e1nimo a tope, inyectado por sus anfitriones, al cierre de una intensa jornada de trabajo por Quintana Roo, iniciada por la ma\u00f1ana en la capital del estado, Chetumal, Ad\u00e1n Augusto L\u00f3pez Hern\u00e1ndez se anim\u00f3 a confesar que \u201caqu\u00ed en Canc\u00fan, en toda la entidad, lo mismo que en el pa\u00eds entero, soplan ya los vientos del sureste y van a seguir soplando por mucho tiempo m\u00e1s\u201d.<\/p>\n<p>Y a\u00f1adi\u00f3, \u201cya triunfamos\u201d, sostuvo, al referirse que la Cuarta Transformaci\u00f3n y la revoluci\u00f3n de las conciencias, que es su consecuencia, \u201cno tiene marcha atr\u00e1s; va a permanecer por muchos a\u00f1os en este pa\u00eds porque es el poder del pueblo; es algo inimaginable hasta hace apenas no mucho tiempo\u201d.<\/p>\n<p>Vaticin\u00f3, sin dudarlo, que \u201cva a haber continuidad con cambio; habr\u00e1 en M\u00e9xico relevo generacional y la Cuarta Transformaci\u00f3n se va a mantener porque as\u00ed ya lo decidi\u00f3 el pueblo que no quiere regresiones, sino caminar hacia adelante con mayor justicia social y desarrollo en beneficio principalmente de los hist\u00f3ricamente marginados y olvidados en este pa\u00eds\u201d.<\/p>\n<div class=\"stream-item stream-item-in-post stream-item-inline-post alignleft\">\n<div class=\"stream-item-size\">\n<div class=\"g g-35\">\n<div class=\"g-single a-452\"><\/div>\n<\/div>\n<\/div>\n<\/div>\n<p>Bas\u00f3 su confianza en que \u201cla Cuarta Transformaci\u00f3n va caminando y camina muy bien\u201d, aunque reconoci\u00f3 que hay todav\u00eda algunos pendientes como poner fin de una vez por todas a la impunidad y la corrupci\u00f3n, por lo que llam\u00f3 a los cancunenses, quintanarroenses y mexicanos en general, a respaldar y encabezar el a\u00f1o pr\u00f3ximo la reforma a fondo del Poder Judicial y de la Suprema Corte de Justicia de la Naci\u00f3n.<\/p>\n<div class=\"stream-item stream-item-in-post stream-item-inline-post alignright\">\n<div class=\"stream-item-size\"><\/div>\n<\/div>\n<p>\u201cVamos juntos a terminar con la injusticia; no m\u00e1s una justicia selectiva; no m\u00e1s la justicia al servicio de los poderosos; no m\u00e1s ministros que ganen m\u00e1s de 600 mil pesos mensuales; no m\u00e1s delincuentes de cuello blanco pase\u00e1ndose con sus abogados de la mano de jueces, magistrados y ministros\u201d, demand\u00f3 el tabasque\u00f1o.<\/p>\n<div class=\"stream-item stream-item-in-post stream-item-inline-post alignleft\">\n<div class=\"stream-item-size\"><\/div>\n<\/div>\n<p>En este sentido, Ad\u00e1n Augusto L\u00f3pez Hern\u00e1ndez se refiri\u00f3 de nueva cuenta a la decisi\u00f3n de una jueza que en d\u00edas pasados orden\u00f3 detener la distribuci\u00f3n de los libros de texto gratuitos, y garantiz\u00f3 que \u201cno va a haber nunca la manera de detener la transformaci\u00f3n en el pa\u00eds\u201d.<\/p>\n<div class=\"stream-item stream-item-in-post stream-item-inline-post alignright\">\n<div class=\"stream-item-size\"><\/div>\n<\/div>\n<p>M\u00e1s adelante sostuvo que, como parte de la revoluci\u00f3n de las conciencias, hoy en M\u00e9xico se tiene claro que \u201csomos muchos m\u00e1s, somos millones m\u00e1s los buenos que los malos, los que sabemos distinguir entre lo bueno y lo malo, y quienes entendemos que el bien siempre triunfa por encima del mal. Somos el pueblo bueno y queremos que siga la Cuarta Transformaci\u00f3n\u201d, enfatiz\u00f3.<\/p>\n<div class=\"stream-item stream-item-in-post stream-item-inline-post aligncenter\">\n<div class=\"stream-item-size\"><\/div>\n<\/div>\n<p>Finalmente, al cerrar aqu\u00ed en Canc\u00fan el d\u00eda n\u00famero 47 de su recorrido por todo el pa\u00eds, Ad\u00e1n Augusto L\u00f3pez Hern\u00e1ndez dijo que ha recorrido M\u00e9xico durante los \u00faltimos 15 a\u00f1os al lado del presidente Andr\u00e9s Manuel L\u00f3pez Obrador, y lo seguir\u00e1 haciendo justo como se lo ense\u00f1\u00f3 su \u201cmaestro\u201d, rinc\u00f3n por rinc\u00f3n, casa por casa, pueblo por pueblo, sin pedir un solo peso para vi\u00e1ticos, que no se necesita para encontrarse, platicar y nutrirse del pensamiento de la gente.<\/p>\n","protected":false},"excerpt":{"rendered":"<p>\u201cVamos a dejar hasta el tu\u00e9tano, hasta el alma para defender a la Cuarta Transformaci\u00f3n&#8230;<\/p>\n","protected":false},"author":1,"featured_media":15719,"comment_status":"open","ping_status":"closed","sticky":false,"template":"","format":"standard","meta":{"footnotes":""},"categories":[27],"tags":[],"class_list":["post-15717","post","type-post","status-publish","format-standard","has-post-thumbnail","hentry","category-local"],"_links":{"self":[{"href":"https:\/\/chaneltodaycancun.com\/index.php\/wp-json\/wp\/v2\/posts\/15717","targetHints":{"allow":["GET"]}}],"collection":[{"href":"https:\/\/chaneltodaycancun.com\/index.php\/wp-json\/wp\/v2\/posts"}],"about":[{"href":"https:\/\/chaneltodaycancun.com\/index.php\/wp-json\/wp\/v2\/types\/post"}],"author":[{"embeddable":true,"href":"https:\/\/chaneltodaycancun.com\/index.php\/wp-json\/wp\/v2\/users\/1"}],"replies":[{"embeddable":true,"href":"https:\/\/chaneltodaycancun.com\/index.php\/wp-json\/wp\/v2\/comments?post=15717"}],"version-history":[{"count":1,"href":"https:\/\/chaneltodaycancun.com\/index.php\/wp-json\/wp\/v2\/posts\/15717\/revisions"}],"predecessor-version":[{"id":15718,"href":"https:\/\/chaneltodaycancun.com\/index.php\/wp-json\/wp\/v2\/posts\/15717\/revisions\/15718"}],"wp:featuredmedia":[{"embeddable":true,"href":"https:\/\/chaneltodaycancun.com\/index.php\/wp-json\/wp\/v2\/media\/15719"}],"wp:attachment":[{"href":"https:\/\/chaneltodaycancun.com\/index.php\/wp-json\/wp\/v2\/media?parent=15717"}],"wp:term":[{"taxonomy":"category","embeddable":true,"href":"https:\/\/chaneltodaycancun.com\/index.php\/wp-json\/wp\/v2\/categories?post=15717"},{"taxonomy":"post_tag","embeddable":true,"href":"https:\/\/chaneltodaycancun.com\/index.php\/wp-json\/wp\/v2\/tags?post=15717"}],"curies":[{"name":"wp","href":"https:\/\/api.w.org\/{rel}","templated":true}]}}