{"id":15744,"date":"2023-08-07T16:09:02","date_gmt":"2023-08-07T21:09:02","guid":{"rendered":"https:\/\/chaneltodaycancun.com\/?p=15744"},"modified":"2023-08-07T21:09:04","modified_gmt":"2023-08-07T21:09:04","slug":"celebra-cancun-ultimo-dia-de-la-guelaguetza-2023","status":"publish","type":"post","link":"https:\/\/chaneltodaycancun.com\/index.php\/2023\/08\/07\/celebra-cancun-ultimo-dia-de-la-guelaguetza-2023\/","title":{"rendered":"CELEBRA CANC\u00daN \u00daLTIMO D\u00cdA DE \u201cLA GUELAGUETZA 2023\u201d"},"content":{"rendered":"<p style=\"font-weight: 400;\">Con gran \u00e9xito concluy\u00f3 &#8220;La Guelaguetza en Canc\u00fan 2023&#8221; en donde m\u00e1s de 40 mil ciudadanos y visitantes se reunieron a lo largo de tres d\u00edas en la Zona Fundacional de la ciudad, para pasar momentos llenos de alegr\u00eda, en compa\u00f1\u00eda de familia y amigos.<\/p>\n<p style=\"font-weight: 400;\">\n<p style=\"font-weight: 400;\">Al encabezar el \u00faltimo d\u00eda de actividades, la Presidenta Municipal, Ana Paty Peralta, disfrut\u00f3 en el Parque de las Palapas, junto a los benitojuarenses, de los diversos artistas que se presentaron en el escenario del Parque de las Palapas, quienes deslumbraron a la audiencia con bailes representativos de las ocho regiones de Oaxaca, mismos que fueron ovacionados con aplausos y silbidos, reconociendo el talento folcl\u00f3rico del estado hermano.<\/p>\n<p style=\"font-weight: 400;\">\n<p style=\"font-weight: 400;\">En el ic\u00f3nico escenario y bajo las coloridas luces y banderolas, agradeci\u00f3 el gran recibiendo de los cancunenses en este importante festival, el cual abarrot\u00f3 el centro de la ciudad durante un fin de semana completo, demostrando la calidez de la ciudadan\u00eda y la necesidad de seguir impulsado el arte, la cultura y el comercio local.<\/p>\n<p style=\"font-weight: 400;\">\n<p style=\"font-weight: 400;\">\u201cCanc\u00fan es esta ciudad llena de culturas, que le abre las puertas a todos los mexicanos de los diferentes estados de la Rep\u00fablica y tambi\u00e9n a todos nuestros visitantes de otras partes del mundo y es un orgullo sentirnos todos cancunenses y abrirles la puerta de nuestra ciudad al mundo entero\u201d, expres\u00f3 con emoci\u00f3n ante los presentes.<\/p>\n<p style=\"font-weight: 400;\">\n<p style=\"font-weight: 400;\">Adem\u00e1s, reconoci\u00f3 el esfuerzo que emprendieron durante tres d\u00edas m\u00e1s de 70 emprendedores y artesanos que se sumaron a la convocatoria para acercar a la concurrencia sus productos; as\u00ed como a los 417 artistas que deleitaron a los asistentes con bailes y m\u00fasica, exhibiendo sus mejores dotes y representando con gran orgullo la cultura oaxaque\u00f1a.<\/p>\n<p style=\"font-weight: 400;\">\n<p style=\"font-weight: 400;\">Despu\u00e9s de presenciar estos actos, la Primera Autoridad Municipal se dirigi\u00f3 a recorrer los distintos stands de artesan\u00edas, antojitos oaxaque\u00f1os y juegos de feria, acompa\u00f1ada por el director de Distrito Canc\u00fan, Carlos del Castillo \u00c1lvarez; la titular de la Secretar\u00eda de Desarrollo Social y Econ\u00f3mico, Berenice Sosa Osorio y el director del Instituto de Cultura, Jes\u00fas Ayuso, entre otros.<\/p>\n<p style=\"font-weight: 400;\">\n<p style=\"font-weight: 400;\">Durante su recorrido por la colorida Zona fundacional, Ana Paty Peralta agradeci\u00f3 a todo el equipo del Ayuntamiento, a la iniciativa privada y a la sociedad civil, porque en equipo se est\u00e1 trabajando para construir la mejor versi\u00f3n de la ciudad.<\/p>\n<p style=\"font-weight: 400;\">\n","protected":false},"excerpt":{"rendered":"<p>Con gran \u00e9xito concluy\u00f3 &#8220;La Guelaguetza en Canc\u00fan 2023&#8221; en donde m\u00e1s de 40 mil&#8230;<\/p>\n","protected":false},"author":1,"featured_media":15746,"comment_status":"open","ping_status":"closed","sticky":false,"template":"","format":"standard","meta":{"footnotes":""},"categories":[27],"tags":[],"class_list":["post-15744","post","type-post","status-publish","format-standard","has-post-thumbnail","hentry","category-local"],"_links":{"self":[{"href":"https:\/\/chaneltodaycancun.com\/index.php\/wp-json\/wp\/v2\/posts\/15744","targetHints":{"allow":["GET"]}}],"collection":[{"href":"https:\/\/chaneltodaycancun.com\/index.php\/wp-json\/wp\/v2\/posts"}],"about":[{"href":"https:\/\/chaneltodaycancun.com\/index.php\/wp-json\/wp\/v2\/types\/post"}],"author":[{"embeddable":true,"href":"https:\/\/chaneltodaycancun.com\/index.php\/wp-json\/wp\/v2\/users\/1"}],"replies":[{"embeddable":true,"href":"https:\/\/chaneltodaycancun.com\/index.php\/wp-json\/wp\/v2\/comments?post=15744"}],"version-history":[{"count":1,"href":"https:\/\/chaneltodaycancun.com\/index.php\/wp-json\/wp\/v2\/posts\/15744\/revisions"}],"predecessor-version":[{"id":15745,"href":"https:\/\/chaneltodaycancun.com\/index.php\/wp-json\/wp\/v2\/posts\/15744\/revisions\/15745"}],"wp:featuredmedia":[{"embeddable":true,"href":"https:\/\/chaneltodaycancun.com\/index.php\/wp-json\/wp\/v2\/media\/15746"}],"wp:attachment":[{"href":"https:\/\/chaneltodaycancun.com\/index.php\/wp-json\/wp\/v2\/media?parent=15744"}],"wp:term":[{"taxonomy":"category","embeddable":true,"href":"https:\/\/chaneltodaycancun.com\/index.php\/wp-json\/wp\/v2\/categories?post=15744"},{"taxonomy":"post_tag","embeddable":true,"href":"https:\/\/chaneltodaycancun.com\/index.php\/wp-json\/wp\/v2\/tags?post=15744"}],"curies":[{"name":"wp","href":"https:\/\/api.w.org\/{rel}","templated":true}]}}